{"id":3619,"date":"2025-02-19T11:16:01","date_gmt":"2025-02-19T11:16:01","guid":{"rendered":"https:\/\/customsailingcb.com\/aixo-es-cs-24\/"},"modified":"2026-04-26T09:29:25","modified_gmt":"2026-04-26T09:29:25","slug":"aixo-es-cs-24","status":"publish","type":"post","link":"https:\/\/customsailingcb.com\/ca\/aixo-es-cs-24\/","title":{"rendered":"Aix\u00f2 \u00e9s CS &#8217;24"},"content":{"rendered":"&#13;\n<p data-path-to-node=\"0\">Este v\u00eddeo captura la esencia salvaje y cristalina de la <b data-path-to-node=\"0\" data-index-in-node=\"58\">Costa Brava<\/b>, un rinc\u00f3n del Mediterr\u00e1neo donde los acantilados de roca rojiza se funden con aguas de un azul profundo y turquesa. La toma a\u00e9rea revela peque\u00f1as calas escondidas y formaciones rocosas que emergen del mar, creando un paisaje accidentado pero de una belleza serena. Es el escenario ideal para los amantes de la navegaci\u00f3n, ofreciendo refugios naturales donde la naturaleza se mantiene pr\u00e1cticamente intacta bajo el sol brillante de la regi\u00f3n.<\/p>&#13;\n<p data-path-to-node=\"1\">Per viure en persona el que pot ser una experi\u00e8ncia CUSTOM, premeu l&#8217;enlla\u00e7 seg\u00fcent i deixeu-vos portar.<\/p>&#13;\n<p><iframe title=\"YouTube video player\" src=\"https:\/\/www.youtube.com\/embed\/T9F7e6mcAPU\" width=\"1024\" height=\"624\" frameborder=\"0\" allowfullscreen=\"allowfullscreen\"><\/iframe><\/p>&#13;\n<p>\u00a0<br\/><br\/><\/p>&#13;\n<p>&nbsp;<\/p>\n","protected":false},"excerpt":{"rendered":"<p>&#13; Este v\u00eddeo captura la esencia salvaje y cristalina de la Costa Brava, un rinc\u00f3n del Mediterr\u00e1neo donde los acantilados de roca rojiza se funden con aguas de un azul profundo y turquesa. La toma a\u00e9rea revela peque\u00f1as calas escondidas y formaciones rocosas que emergen del mar, creando un paisaje accidentado pero de una belleza [&hellip;]<\/p>\n","protected":false},"author":2,"featured_media":2572,"comment_status":"closed","ping_status":"open","sticky":false,"template":"","format":"standard","meta":{"_acf_changed":false,"site-sidebar-layout":"default","site-content-layout":"","ast-site-content-layout":"default","site-content-style":"default","site-sidebar-style":"default","ast-global-header-display":"","ast-banner-title-visibility":"","ast-main-header-display":"","ast-hfb-above-header-display":"","ast-hfb-below-header-display":"","ast-hfb-mobile-header-display":"","site-post-title":"","ast-breadcrumbs-content":"","ast-featured-img":"","footer-sml-layout":"","ast-disable-related-posts":"","theme-transparent-header-meta":"default","adv-header-id-meta":"","stick-header-meta":"","header-above-stick-meta":"","header-main-stick-meta":"","header-below-stick-meta":"","astra-migrate-meta-layouts":"default","ast-page-background-enabled":"default","ast-page-background-meta":{"desktop":{"background-color":"var(--ast-global-color-5)","background-image":"","background-repeat":"repeat","background-position":"center center","background-size":"auto","background-attachment":"scroll","background-type":"","background-media":"","overlay-type":"","overlay-color":"","overlay-opacity":"","overlay-gradient":""},"tablet":{"background-color":"","background-image":"","background-repeat":"repeat","background-position":"center center","background-size":"auto","background-attachment":"scroll","background-type":"","background-media":"","overlay-type":"","overlay-color":"","overlay-opacity":"","overlay-gradient":""},"mobile":{"background-color":"","background-image":"","background-repeat":"repeat","background-position":"center center","background-size":"auto","background-attachment":"scroll","background-type":"","background-media":"","overlay-type":"","overlay-color":"","overlay-opacity":"","overlay-gradient":""}},"ast-content-background-meta":{"desktop":{"background-color":"var(--ast-global-color-4)","background-image":"","background-repeat":"repeat","background-position":"center center","background-size":"auto","background-attachment":"scroll","background-type":"","background-media":"","overlay-type":"","overlay-color":"","overlay-opacity":"","overlay-gradient":""},"tablet":{"background-color":"var(--ast-global-color-4)","background-image":"","background-repeat":"repeat","background-position":"center center","background-size":"auto","background-attachment":"scroll","background-type":"","background-media":"","overlay-type":"","overlay-color":"","overlay-opacity":"","overlay-gradient":""},"mobile":{"background-color":"var(--ast-global-color-4)","background-image":"","background-repeat":"repeat","background-position":"center center","background-size":"auto","background-attachment":"scroll","background-type":"","background-media":"","overlay-type":"","overlay-color":"","overlay-opacity":"","overlay-gradient":""}},"footnotes":""},"categories":[175],"tags":[],"class_list":["post-3619","post","type-post","status-publish","format-standard","has-post-thumbnail","hentry","category-blog-ca"],"acf":[],"yoast_head":"<!-- This site is optimized with the Yoast SEO plugin v27.4 - https:\/\/yoast.com\/product\/yoast-seo-wordpress\/ -->\n<title>Caletes de la Costa Brava Custom Sailing<\/title>\n<meta name=\"description\" content=\"Descobreix les cales m\u00e9s espectaculars de la Costa Brava amb vaixell. Aig\u00fces cristal\u00b7lines, penya-segats i una experi\u00e8ncia \u00fanica al Mediterrani.\" \/>\n<meta name=\"robots\" content=\"index, follow, max-snippet:-1, max-image-preview:large, max-video-preview:-1\" \/>\n<link rel=\"canonical\" href=\"https:\/\/customsailingcb.com\/ca\/aixo-es-cs-24\/\" \/>\n<meta property=\"og:locale\" content=\"ca_ES\" \/>\n<meta property=\"og:type\" content=\"article\" \/>\n<meta property=\"og:title\" content=\"Caletes de la Costa Brava Custom Sailing\" \/>\n<meta property=\"og:description\" content=\"Descobreix les cales m\u00e9s espectaculars de la Costa Brava amb vaixell. Aig\u00fces cristal\u00b7lines, penya-segats i una experi\u00e8ncia \u00fanica al Mediterrani.\" \/>\n<meta property=\"og:url\" content=\"https:\/\/customsailingcb.com\/ca\/aixo-es-cs-24\/\" \/>\n<meta property=\"og:site_name\" content=\"Custom sailing CB, Lloguer embarcacions Costa Brava\" \/>\n<meta property=\"article:publisher\" content=\"https:\/\/www.facebook.com\/customsailingcostabrava\" \/>\n<meta property=\"article:published_time\" content=\"2025-02-19T11:16:01+00:00\" \/>\n<meta property=\"article:modified_time\" content=\"2026-04-26T09:29:25+00:00\" \/>\n<meta property=\"og:image\" content=\"https:\/\/customsailingcb.com\/wp-content\/uploads\/2025\/02\/blog_cs_24.jpg\" \/>\n\t<meta property=\"og:image:width\" content=\"1240\" \/>\n\t<meta property=\"og:image:height\" content=\"641\" \/>\n\t<meta property=\"og:image:type\" content=\"image\/jpeg\" \/>\n<meta name=\"author\" content=\"Marta\" \/>\n<meta name=\"twitter:card\" content=\"summary_large_image\" \/>\n<meta name=\"twitter:label1\" content=\"Escrit per\" \/>\n\t<meta name=\"twitter:data1\" content=\"Marta\" \/>\n\t<meta name=\"twitter:label2\" content=\"Temps estimat de lectura\" \/>\n\t<meta name=\"twitter:data2\" content=\"1 minut\" \/>\n<script type=\"application\/ld+json\" class=\"yoast-schema-graph\">{\"@context\":\"https:\\\/\\\/schema.org\",\"@graph\":[{\"@type\":\"Article\",\"@id\":\"https:\\\/\\\/customsailingcb.com\\\/ca\\\/aixo-es-cs-24\\\/#article\",\"isPartOf\":{\"@id\":\"https:\\\/\\\/customsailingcb.com\\\/ca\\\/aixo-es-cs-24\\\/\"},\"author\":{\"name\":\"Marta\",\"@id\":\"https:\\\/\\\/customsailingcb.com\\\/ca\\\/#\\\/schema\\\/person\\\/c0e9205b006a5bef52718da3e1d5cc22\"},\"headline\":\"Aix\u00f2 \u00e9s CS &#8217;24\",\"datePublished\":\"2025-02-19T11:16:01+00:00\",\"dateModified\":\"2026-04-26T09:29:25+00:00\",\"mainEntityOfPage\":{\"@id\":\"https:\\\/\\\/customsailingcb.com\\\/ca\\\/aixo-es-cs-24\\\/\"},\"wordCount\":114,\"publisher\":{\"@id\":\"https:\\\/\\\/customsailingcb.com\\\/ca\\\/#organization\"},\"image\":{\"@id\":\"https:\\\/\\\/customsailingcb.com\\\/ca\\\/aixo-es-cs-24\\\/#primaryimage\"},\"thumbnailUrl\":\"https:\\\/\\\/customsailingcb.com\\\/wp-content\\\/uploads\\\/2025\\\/02\\\/blog_cs_24.jpg\",\"articleSection\":[\"Blog\"],\"inLanguage\":\"ca\"},{\"@type\":\"WebPage\",\"@id\":\"https:\\\/\\\/customsailingcb.com\\\/ca\\\/aixo-es-cs-24\\\/\",\"url\":\"https:\\\/\\\/customsailingcb.com\\\/ca\\\/aixo-es-cs-24\\\/\",\"name\":\"Caletes de la Costa Brava Custom Sailing\",\"isPartOf\":{\"@id\":\"https:\\\/\\\/customsailingcb.com\\\/ca\\\/#website\"},\"primaryImageOfPage\":{\"@id\":\"https:\\\/\\\/customsailingcb.com\\\/ca\\\/aixo-es-cs-24\\\/#primaryimage\"},\"image\":{\"@id\":\"https:\\\/\\\/customsailingcb.com\\\/ca\\\/aixo-es-cs-24\\\/#primaryimage\"},\"thumbnailUrl\":\"https:\\\/\\\/customsailingcb.com\\\/wp-content\\\/uploads\\\/2025\\\/02\\\/blog_cs_24.jpg\",\"datePublished\":\"2025-02-19T11:16:01+00:00\",\"dateModified\":\"2026-04-26T09:29:25+00:00\",\"description\":\"Descobreix les cales m\u00e9s espectaculars de la Costa Brava amb vaixell. Aig\u00fces cristal\u00b7lines, penya-segats i una experi\u00e8ncia \u00fanica al Mediterrani.\",\"breadcrumb\":{\"@id\":\"https:\\\/\\\/customsailingcb.com\\\/ca\\\/aixo-es-cs-24\\\/#breadcrumb\"},\"inLanguage\":\"ca\",\"potentialAction\":[{\"@type\":\"ReadAction\",\"target\":[\"https:\\\/\\\/customsailingcb.com\\\/ca\\\/aixo-es-cs-24\\\/\"]}]},{\"@type\":\"ImageObject\",\"inLanguage\":\"ca\",\"@id\":\"https:\\\/\\\/customsailingcb.com\\\/ca\\\/aixo-es-cs-24\\\/#primaryimage\",\"url\":\"https:\\\/\\\/customsailingcb.com\\\/wp-content\\\/uploads\\\/2025\\\/02\\\/blog_cs_24.jpg\",\"contentUrl\":\"https:\\\/\\\/customsailingcb.com\\\/wp-content\\\/uploads\\\/2025\\\/02\\\/blog_cs_24.jpg\",\"width\":1240,\"height\":641,\"caption\":\"Vista de caletes amagades de la Costa Brava amb aig\u00fces turquesa i penya-segats\"},{\"@type\":\"BreadcrumbList\",\"@id\":\"https:\\\/\\\/customsailingcb.com\\\/ca\\\/aixo-es-cs-24\\\/#breadcrumb\",\"itemListElement\":[{\"@type\":\"ListItem\",\"position\":1,\"name\":\"Inicio\",\"item\":\"https:\\\/\\\/customsailingcb.com\\\/ca\\\/\"},{\"@type\":\"ListItem\",\"position\":2,\"name\":\"Caletes Costa Brava amb vaixell\"}]},{\"@type\":\"WebSite\",\"@id\":\"https:\\\/\\\/customsailingcb.com\\\/ca\\\/#website\",\"url\":\"https:\\\/\\\/customsailingcb.com\\\/ca\\\/\",\"name\":\"Custom Sailing CB\",\"description\":\"Lloguer embarcacions Costa Brava\",\"publisher\":{\"@id\":\"https:\\\/\\\/customsailingcb.com\\\/ca\\\/#organization\"},\"alternateName\":\"CustomSailingCB.com\",\"potentialAction\":[{\"@type\":\"SearchAction\",\"target\":{\"@type\":\"EntryPoint\",\"urlTemplate\":\"https:\\\/\\\/customsailingcb.com\\\/ca\\\/?s={search_term_string}\"},\"query-input\":{\"@type\":\"PropertyValueSpecification\",\"valueRequired\":true,\"valueName\":\"search_term_string\"}}],\"inLanguage\":\"ca\"},{\"@type\":\"Organization\",\"@id\":\"https:\\\/\\\/customsailingcb.com\\\/ca\\\/#organization\",\"name\":\"Custom Sailing CB\",\"alternateName\":\"Custom Sailing Costa Brava\",\"url\":\"https:\\\/\\\/customsailingcb.com\\\/ca\\\/\",\"logo\":{\"@type\":\"ImageObject\",\"inLanguage\":\"ca\",\"@id\":\"https:\\\/\\\/customsailingcb.com\\\/ca\\\/#\\\/schema\\\/logo\\\/image\\\/\",\"url\":\"https:\\\/\\\/www.customsailingcb.com\\\/wp-content\\\/uploads\\\/2025\\\/01\\\/Logo_customsailing-scaled.webp\",\"contentUrl\":\"https:\\\/\\\/www.customsailingcb.com\\\/wp-content\\\/uploads\\\/2025\\\/01\\\/Logo_customsailing-scaled.webp\",\"width\":2560,\"height\":1085,\"caption\":\"Custom Sailing CB\"},\"image\":{\"@id\":\"https:\\\/\\\/customsailingcb.com\\\/ca\\\/#\\\/schema\\\/logo\\\/image\\\/\"},\"sameAs\":[\"https:\\\/\\\/www.facebook.com\\\/customsailingcostabrava\",\"https:\\\/\\\/www.instagram.com\\\/customsailing\\\/\"]},{\"@type\":\"Person\",\"@id\":\"https:\\\/\\\/customsailingcb.com\\\/ca\\\/#\\\/schema\\\/person\\\/c0e9205b006a5bef52718da3e1d5cc22\",\"name\":\"Marta\",\"image\":{\"@type\":\"ImageObject\",\"inLanguage\":\"ca\",\"@id\":\"https:\\\/\\\/secure.gravatar.com\\\/avatar\\\/71257321272d7c2caea2b42ea370423d556c259de802dfa6e76465ad9664b3eb?s=96&d=mm&r=g\",\"url\":\"https:\\\/\\\/secure.gravatar.com\\\/avatar\\\/71257321272d7c2caea2b42ea370423d556c259de802dfa6e76465ad9664b3eb?s=96&d=mm&r=g\",\"contentUrl\":\"https:\\\/\\\/secure.gravatar.com\\\/avatar\\\/71257321272d7c2caea2b42ea370423d556c259de802dfa6e76465ad9664b3eb?s=96&d=mm&r=g\",\"caption\":\"Marta\"},\"url\":\"https:\\\/\\\/customsailingcb.com\\\/ca\\\/author\\\/marta\\\/\"}]}<\/script>\n<!-- \/ Yoast SEO plugin. -->","yoast_head_json":{"title":"Caletes de la Costa Brava Custom Sailing","description":"Descobreix les cales m\u00e9s espectaculars de la Costa Brava amb vaixell. Aig\u00fces cristal\u00b7lines, penya-segats i una experi\u00e8ncia \u00fanica al Mediterrani.","robots":{"index":"index","follow":"follow","max-snippet":"max-snippet:-1","max-image-preview":"max-image-preview:large","max-video-preview":"max-video-preview:-1"},"canonical":"https:\/\/customsailingcb.com\/ca\/aixo-es-cs-24\/","og_locale":"ca_ES","og_type":"article","og_title":"Caletes de la Costa Brava Custom Sailing","og_description":"Descobreix les cales m\u00e9s espectaculars de la Costa Brava amb vaixell. Aig\u00fces cristal\u00b7lines, penya-segats i una experi\u00e8ncia \u00fanica al Mediterrani.","og_url":"https:\/\/customsailingcb.com\/ca\/aixo-es-cs-24\/","og_site_name":"Custom sailing CB, Lloguer embarcacions Costa Brava","article_publisher":"https:\/\/www.facebook.com\/customsailingcostabrava","article_published_time":"2025-02-19T11:16:01+00:00","article_modified_time":"2026-04-26T09:29:25+00:00","og_image":[{"width":1240,"height":641,"url":"https:\/\/customsailingcb.com\/wp-content\/uploads\/2025\/02\/blog_cs_24.jpg","type":"image\/jpeg"}],"author":"Marta","twitter_card":"summary_large_image","twitter_misc":{"Escrit per":"Marta","Temps estimat de lectura":"1 minut"},"schema":{"@context":"https:\/\/schema.org","@graph":[{"@type":"Article","@id":"https:\/\/customsailingcb.com\/ca\/aixo-es-cs-24\/#article","isPartOf":{"@id":"https:\/\/customsailingcb.com\/ca\/aixo-es-cs-24\/"},"author":{"name":"Marta","@id":"https:\/\/customsailingcb.com\/ca\/#\/schema\/person\/c0e9205b006a5bef52718da3e1d5cc22"},"headline":"Aix\u00f2 \u00e9s CS &#8217;24","datePublished":"2025-02-19T11:16:01+00:00","dateModified":"2026-04-26T09:29:25+00:00","mainEntityOfPage":{"@id":"https:\/\/customsailingcb.com\/ca\/aixo-es-cs-24\/"},"wordCount":114,"publisher":{"@id":"https:\/\/customsailingcb.com\/ca\/#organization"},"image":{"@id":"https:\/\/customsailingcb.com\/ca\/aixo-es-cs-24\/#primaryimage"},"thumbnailUrl":"https:\/\/customsailingcb.com\/wp-content\/uploads\/2025\/02\/blog_cs_24.jpg","articleSection":["Blog"],"inLanguage":"ca"},{"@type":"WebPage","@id":"https:\/\/customsailingcb.com\/ca\/aixo-es-cs-24\/","url":"https:\/\/customsailingcb.com\/ca\/aixo-es-cs-24\/","name":"Caletes de la Costa Brava Custom Sailing","isPartOf":{"@id":"https:\/\/customsailingcb.com\/ca\/#website"},"primaryImageOfPage":{"@id":"https:\/\/customsailingcb.com\/ca\/aixo-es-cs-24\/#primaryimage"},"image":{"@id":"https:\/\/customsailingcb.com\/ca\/aixo-es-cs-24\/#primaryimage"},"thumbnailUrl":"https:\/\/customsailingcb.com\/wp-content\/uploads\/2025\/02\/blog_cs_24.jpg","datePublished":"2025-02-19T11:16:01+00:00","dateModified":"2026-04-26T09:29:25+00:00","description":"Descobreix les cales m\u00e9s espectaculars de la Costa Brava amb vaixell. Aig\u00fces cristal\u00b7lines, penya-segats i una experi\u00e8ncia \u00fanica al Mediterrani.","breadcrumb":{"@id":"https:\/\/customsailingcb.com\/ca\/aixo-es-cs-24\/#breadcrumb"},"inLanguage":"ca","potentialAction":[{"@type":"ReadAction","target":["https:\/\/customsailingcb.com\/ca\/aixo-es-cs-24\/"]}]},{"@type":"ImageObject","inLanguage":"ca","@id":"https:\/\/customsailingcb.com\/ca\/aixo-es-cs-24\/#primaryimage","url":"https:\/\/customsailingcb.com\/wp-content\/uploads\/2025\/02\/blog_cs_24.jpg","contentUrl":"https:\/\/customsailingcb.com\/wp-content\/uploads\/2025\/02\/blog_cs_24.jpg","width":1240,"height":641,"caption":"Vista de caletes amagades de la Costa Brava amb aig\u00fces turquesa i penya-segats"},{"@type":"BreadcrumbList","@id":"https:\/\/customsailingcb.com\/ca\/aixo-es-cs-24\/#breadcrumb","itemListElement":[{"@type":"ListItem","position":1,"name":"Inicio","item":"https:\/\/customsailingcb.com\/ca\/"},{"@type":"ListItem","position":2,"name":"Caletes Costa Brava amb vaixell"}]},{"@type":"WebSite","@id":"https:\/\/customsailingcb.com\/ca\/#website","url":"https:\/\/customsailingcb.com\/ca\/","name":"Custom Sailing CB","description":"Lloguer embarcacions Costa Brava","publisher":{"@id":"https:\/\/customsailingcb.com\/ca\/#organization"},"alternateName":"CustomSailingCB.com","potentialAction":[{"@type":"SearchAction","target":{"@type":"EntryPoint","urlTemplate":"https:\/\/customsailingcb.com\/ca\/?s={search_term_string}"},"query-input":{"@type":"PropertyValueSpecification","valueRequired":true,"valueName":"search_term_string"}}],"inLanguage":"ca"},{"@type":"Organization","@id":"https:\/\/customsailingcb.com\/ca\/#organization","name":"Custom Sailing CB","alternateName":"Custom Sailing Costa Brava","url":"https:\/\/customsailingcb.com\/ca\/","logo":{"@type":"ImageObject","inLanguage":"ca","@id":"https:\/\/customsailingcb.com\/ca\/#\/schema\/logo\/image\/","url":"https:\/\/www.customsailingcb.com\/wp-content\/uploads\/2025\/01\/Logo_customsailing-scaled.webp","contentUrl":"https:\/\/www.customsailingcb.com\/wp-content\/uploads\/2025\/01\/Logo_customsailing-scaled.webp","width":2560,"height":1085,"caption":"Custom Sailing CB"},"image":{"@id":"https:\/\/customsailingcb.com\/ca\/#\/schema\/logo\/image\/"},"sameAs":["https:\/\/www.facebook.com\/customsailingcostabrava","https:\/\/www.instagram.com\/customsailing\/"]},{"@type":"Person","@id":"https:\/\/customsailingcb.com\/ca\/#\/schema\/person\/c0e9205b006a5bef52718da3e1d5cc22","name":"Marta","image":{"@type":"ImageObject","inLanguage":"ca","@id":"https:\/\/secure.gravatar.com\/avatar\/71257321272d7c2caea2b42ea370423d556c259de802dfa6e76465ad9664b3eb?s=96&d=mm&r=g","url":"https:\/\/secure.gravatar.com\/avatar\/71257321272d7c2caea2b42ea370423d556c259de802dfa6e76465ad9664b3eb?s=96&d=mm&r=g","contentUrl":"https:\/\/secure.gravatar.com\/avatar\/71257321272d7c2caea2b42ea370423d556c259de802dfa6e76465ad9664b3eb?s=96&d=mm&r=g","caption":"Marta"},"url":"https:\/\/customsailingcb.com\/ca\/author\/marta\/"}]}},"_links":{"self":[{"href":"https:\/\/customsailingcb.com\/ca\/wp-json\/wp\/v2\/posts\/3619","targetHints":{"allow":["GET"]}}],"collection":[{"href":"https:\/\/customsailingcb.com\/ca\/wp-json\/wp\/v2\/posts"}],"about":[{"href":"https:\/\/customsailingcb.com\/ca\/wp-json\/wp\/v2\/types\/post"}],"author":[{"embeddable":true,"href":"https:\/\/customsailingcb.com\/ca\/wp-json\/wp\/v2\/users\/2"}],"replies":[{"embeddable":true,"href":"https:\/\/customsailingcb.com\/ca\/wp-json\/wp\/v2\/comments?post=3619"}],"version-history":[{"count":2,"href":"https:\/\/customsailingcb.com\/ca\/wp-json\/wp\/v2\/posts\/3619\/revisions"}],"predecessor-version":[{"id":6092,"href":"https:\/\/customsailingcb.com\/ca\/wp-json\/wp\/v2\/posts\/3619\/revisions\/6092"}],"wp:featuredmedia":[{"embeddable":true,"href":"https:\/\/customsailingcb.com\/ca\/wp-json\/wp\/v2\/media\/2572"}],"wp:attachment":[{"href":"https:\/\/customsailingcb.com\/ca\/wp-json\/wp\/v2\/media?parent=3619"}],"wp:term":[{"taxonomy":"category","embeddable":true,"href":"https:\/\/customsailingcb.com\/ca\/wp-json\/wp\/v2\/categories?post=3619"},{"taxonomy":"post_tag","embeddable":true,"href":"https:\/\/customsailingcb.com\/ca\/wp-json\/wp\/v2\/tags?post=3619"}],"curies":[{"name":"wp","href":"https:\/\/api.w.org\/{rel}","templated":true}]}}