{"id":3643,"date":"2025-02-19T08:11:47","date_gmt":"2025-02-19T08:11:47","guid":{"rendered":"https:\/\/customsailingcb.com\/custom-a-lanunci-disdin\/"},"modified":"2026-04-25T09:43:00","modified_gmt":"2026-04-25T09:43:00","slug":"custom-a-lanunci-disdin","status":"publish","type":"post","link":"https:\/\/customsailingcb.com\/ca\/custom-a-lanunci-disdin\/","title":{"rendered":"Custom Sailing a l&#8217;anunci d&#8217;Isdin a la Costa Brava"},"content":{"rendered":"&#13;\n<figure class=\"wp-block-image aligncenter size-full is-style-default\"><img fetchpriority=\"high\" decoding=\"async\" width=\"1920\" height=\"1080\" class=\"wp-image-4073\" src=\"https:\/\/customsailingcb.com\/wp-content\/uploads\/2025\/02\/Espot-Isdin.webp\" alt=\"\" srcset=\"https:\/\/customsailingcb.com\/wp-content\/uploads\/2025\/02\/Espot-Isdin.webp 1920w, https:\/\/customsailingcb.com\/wp-content\/uploads\/2025\/02\/Espot-Isdin-300x169.webp 300w, https:\/\/customsailingcb.com\/wp-content\/uploads\/2025\/02\/Espot-Isdin-1024x576.webp 1024w, https:\/\/customsailingcb.com\/wp-content\/uploads\/2025\/02\/Espot-Isdin-768x432.webp 768w, https:\/\/customsailingcb.com\/wp-content\/uploads\/2025\/02\/Espot-Isdin-1536x864.webp 1536w, https:\/\/customsailingcb.com\/wp-content\/uploads\/2025\/02\/Espot-Isdin-600x338.webp 600w\" sizes=\"(max-width: 1920px) 100vw, 1920px\" \/><\/figure>&#13;\n<p>&nbsp;<\/p>\n&#13;\n<p>La nostra menorquina \u00e9s protagonista de l&#8217;espot d&#8217;Isdin<\/p>&#13;\n&#13;\n<p data-start=\"67\" data-end=\"439\">La nostra menorquina ha estat la protagonista d&#8217;un espot publicitari d&#8217;ISDIN, una de les marques l\u00edders en fotoprotecci\u00f3 a escala internacional. Un reconeixement que posa en valor no nom\u00e9s l&#8217;est\u00e8tica i l&#8217;autenticitat d&#8217;aquesta embarcaci\u00f3 tradicional, sin\u00f3 tamb\u00e9 la bellesa incomparable de la Costa Brava com a escenari natural per a produccions audiovisuals d&#8217;alt nivell.<\/p>&#13;\n&#13;\n<iframe width=\"1024\" height=\"455\" src=\"https:\/\/www.youtube.com\/embed\/w_n-1Rjlwe4\" title=\"YouTube video player\" frameborder=\"0\" allow=\"accelerometer; autoplay; clipboard-write; encrypted-media; gyroscope; picture-in-picture; web-share\" allowfullscreen=\"\"><\/iframe>&#13;\n&#13;\n<p data-start=\"441\" data-end=\"896\">El rodatge, realitzat en aig\u00fces cristal\u00b7lines del litoral, reflecteix a la perfecci\u00f3 l\u2019ess\u00e8ncia mediterr\u00e0nia: llum, mar i calma. La menorquina es converteix en l\u2019element central que connecta l\u2019experi\u00e8ncia amb l\u2019entorn, transmetent eleg\u00e0ncia, tranquil\u00b7litat i exclusivitat. Aquest tipus de col\u00b7laboracions reforcen la imatge de Custom Sailing com a referent en experi\u00e8ncies pr\u00e8mium en vaixell, on cada sortida pot esdevenir un moment digne de ser Filmat.<\/p>&#13;\n&#13;\n&#13;\n","protected":false},"excerpt":{"rendered":"<p>&nbsp; &#13; La nostra menorquina \u00e9s protagonista de l&#8217;espot d&#8217;Isdin &#13; &#13; La nostra menorquina ha estat la protagonista d&#8217;un espot publicitari d&#8217;ISDIN, una de les marques l\u00edders en fotoprotecci\u00f3 a escala internacional. Un reconeixement que posa en valor no nom\u00e9s l&#8217;est\u00e8tica i l&#8217;autenticitat d&#8217;aquesta embarcaci\u00f3 tradicional, sin\u00f3 tamb\u00e9 la bellesa incomparable de la Costa [&hellip;]<\/p>\n","protected":false},"author":2,"featured_media":4074,"comment_status":"closed","ping_status":"open","sticky":false,"template":"","format":"standard","meta":{"_acf_changed":false,"site-sidebar-layout":"default","site-content-layout":"","ast-site-content-layout":"default","site-content-style":"default","site-sidebar-style":"default","ast-global-header-display":"","ast-banner-title-visibility":"","ast-main-header-display":"","ast-hfb-above-header-display":"","ast-hfb-below-header-display":"","ast-hfb-mobile-header-display":"","site-post-title":"","ast-breadcrumbs-content":"","ast-featured-img":"disabled","footer-sml-layout":"","ast-disable-related-posts":"","theme-transparent-header-meta":"default","adv-header-id-meta":"","stick-header-meta":"","header-above-stick-meta":"","header-main-stick-meta":"","header-below-stick-meta":"","astra-migrate-meta-layouts":"default","ast-page-background-enabled":"default","ast-page-background-meta":{"desktop":{"background-color":"var(--ast-global-color-5)","background-image":"","background-repeat":"repeat","background-position":"center center","background-size":"auto","background-attachment":"scroll","background-type":"","background-media":"","overlay-type":"","overlay-color":"","overlay-opacity":"","overlay-gradient":""},"tablet":{"background-color":"","background-image":"","background-repeat":"repeat","background-position":"center center","background-size":"auto","background-attachment":"scroll","background-type":"","background-media":"","overlay-type":"","overlay-color":"","overlay-opacity":"","overlay-gradient":""},"mobile":{"background-color":"","background-image":"","background-repeat":"repeat","background-position":"center center","background-size":"auto","background-attachment":"scroll","background-type":"","background-media":"","overlay-type":"","overlay-color":"","overlay-opacity":"","overlay-gradient":""}},"ast-content-background-meta":{"desktop":{"background-color":"var(--ast-global-color-4)","background-image":"","background-repeat":"repeat","background-position":"center center","background-size":"auto","background-attachment":"scroll","background-type":"","background-media":"","overlay-type":"","overlay-color":"","overlay-opacity":"","overlay-gradient":""},"tablet":{"background-color":"var(--ast-global-color-4)","background-image":"","background-repeat":"repeat","background-position":"center center","background-size":"auto","background-attachment":"scroll","background-type":"","background-media":"","overlay-type":"","overlay-color":"","overlay-opacity":"","overlay-gradient":""},"mobile":{"background-color":"var(--ast-global-color-4)","background-image":"","background-repeat":"repeat","background-position":"center center","background-size":"auto","background-attachment":"scroll","background-type":"","background-media":"","overlay-type":"","overlay-color":"","overlay-opacity":"","overlay-gradient":""}},"footnotes":""},"categories":[175],"tags":[],"class_list":["post-3643","post","type-post","status-publish","format-standard","has-post-thumbnail","hentry","category-blog-ca"],"acf":[],"yoast_head":"<!-- This site is optimized with the Yoast SEO plugin v27.4 - https:\/\/yoast.com\/product\/yoast-seo-wordpress\/ -->\n<title>Menorquina en un espot d&#039;ISDIN | Costa Brava en vaixell<\/title>\n<meta name=\"description\" content=\"La nostra menorquina protagonitza un espot d&#039;ISDIN a la Costa Brava. Descobreix aquesta experi\u00e8ncia \u00fanica en vaixell en un entorn espectacular.\" \/>\n<meta name=\"robots\" content=\"index, follow, max-snippet:-1, max-image-preview:large, max-video-preview:-1\" \/>\n<link rel=\"canonical\" href=\"https:\/\/customsailingcb.com\/ca\/custom-a-lanunci-disdin\/\" \/>\n<meta property=\"og:locale\" content=\"ca_ES\" \/>\n<meta property=\"og:type\" content=\"article\" \/>\n<meta property=\"og:title\" content=\"Menorquina en un espot d&#039;ISDIN | Costa Brava en vaixell\" \/>\n<meta property=\"og:description\" content=\"La nostra menorquina protagonitza un espot d&#039;ISDIN a la Costa Brava. Descobreix aquesta experi\u00e8ncia \u00fanica en vaixell en un entorn espectacular.\" \/>\n<meta property=\"og:url\" content=\"https:\/\/customsailingcb.com\/ca\/custom-a-lanunci-disdin\/\" \/>\n<meta property=\"og:site_name\" content=\"Custom sailing CB, Lloguer embarcacions Costa Brava\" \/>\n<meta property=\"article:publisher\" content=\"https:\/\/www.facebook.com\/customsailingcostabrava\" \/>\n<meta property=\"article:published_time\" content=\"2025-02-19T08:11:47+00:00\" \/>\n<meta property=\"article:modified_time\" content=\"2026-04-25T09:43:00+00:00\" \/>\n<meta property=\"og:image\" content=\"https:\/\/customsailingcb.com\/wp-content\/uploads\/2025\/02\/Espot-Isdin.webp\" \/>\n\t<meta property=\"og:image:width\" content=\"1920\" \/>\n\t<meta property=\"og:image:height\" content=\"1080\" \/>\n\t<meta property=\"og:image:type\" content=\"image\/webp\" \/>\n<meta name=\"author\" content=\"Marta\" \/>\n<meta name=\"twitter:card\" content=\"summary_large_image\" \/>\n<meta name=\"twitter:label1\" content=\"Escrit per\" \/>\n\t<meta name=\"twitter:data1\" content=\"Marta\" \/>\n\t<meta name=\"twitter:label2\" content=\"Temps estimat de lectura\" \/>\n\t<meta name=\"twitter:data2\" content=\"1 minut\" \/>\n<script type=\"application\/ld+json\" class=\"yoast-schema-graph\">{\"@context\":\"https:\\\/\\\/schema.org\",\"@graph\":[{\"@type\":\"Article\",\"@id\":\"https:\\\/\\\/customsailingcb.com\\\/ca\\\/custom-a-lanunci-disdin\\\/#article\",\"isPartOf\":{\"@id\":\"https:\\\/\\\/customsailingcb.com\\\/ca\\\/custom-a-lanunci-disdin\\\/\"},\"author\":{\"name\":\"Marta\",\"@id\":\"https:\\\/\\\/customsailingcb.com\\\/ca\\\/#\\\/schema\\\/person\\\/c0e9205b006a5bef52718da3e1d5cc22\"},\"headline\":\"Custom Sailing a l&#8217;anunci d&#8217;Isdin a la Costa Brava\",\"datePublished\":\"2025-02-19T08:11:47+00:00\",\"dateModified\":\"2026-04-25T09:43:00+00:00\",\"mainEntityOfPage\":{\"@id\":\"https:\\\/\\\/customsailingcb.com\\\/ca\\\/custom-a-lanunci-disdin\\\/\"},\"wordCount\":163,\"publisher\":{\"@id\":\"https:\\\/\\\/customsailingcb.com\\\/ca\\\/#organization\"},\"image\":{\"@id\":\"https:\\\/\\\/customsailingcb.com\\\/ca\\\/custom-a-lanunci-disdin\\\/#primaryimage\"},\"thumbnailUrl\":\"https:\\\/\\\/customsailingcb.com\\\/wp-content\\\/uploads\\\/2025\\\/02\\\/Espot-Isdin.webp\",\"articleSection\":[\"Blog\"],\"inLanguage\":\"ca\"},{\"@type\":\"WebPage\",\"@id\":\"https:\\\/\\\/customsailingcb.com\\\/ca\\\/custom-a-lanunci-disdin\\\/\",\"url\":\"https:\\\/\\\/customsailingcb.com\\\/ca\\\/custom-a-lanunci-disdin\\\/\",\"name\":\"Menorquina en un espot d'ISDIN | Costa Brava en vaixell\",\"isPartOf\":{\"@id\":\"https:\\\/\\\/customsailingcb.com\\\/ca\\\/#website\"},\"primaryImageOfPage\":{\"@id\":\"https:\\\/\\\/customsailingcb.com\\\/ca\\\/custom-a-lanunci-disdin\\\/#primaryimage\"},\"image\":{\"@id\":\"https:\\\/\\\/customsailingcb.com\\\/ca\\\/custom-a-lanunci-disdin\\\/#primaryimage\"},\"thumbnailUrl\":\"https:\\\/\\\/customsailingcb.com\\\/wp-content\\\/uploads\\\/2025\\\/02\\\/Espot-Isdin.webp\",\"datePublished\":\"2025-02-19T08:11:47+00:00\",\"dateModified\":\"2026-04-25T09:43:00+00:00\",\"description\":\"La nostra menorquina protagonitza un espot d'ISDIN a la Costa Brava. Descobreix aquesta experi\u00e8ncia \u00fanica en vaixell en un entorn espectacular.\",\"breadcrumb\":{\"@id\":\"https:\\\/\\\/customsailingcb.com\\\/ca\\\/custom-a-lanunci-disdin\\\/#breadcrumb\"},\"inLanguage\":\"ca\",\"potentialAction\":[{\"@type\":\"ReadAction\",\"target\":[\"https:\\\/\\\/customsailingcb.com\\\/ca\\\/custom-a-lanunci-disdin\\\/\"]}]},{\"@type\":\"ImageObject\",\"inLanguage\":\"ca\",\"@id\":\"https:\\\/\\\/customsailingcb.com\\\/ca\\\/custom-a-lanunci-disdin\\\/#primaryimage\",\"url\":\"https:\\\/\\\/customsailingcb.com\\\/wp-content\\\/uploads\\\/2025\\\/02\\\/Espot-Isdin.webp\",\"contentUrl\":\"https:\\\/\\\/customsailingcb.com\\\/wp-content\\\/uploads\\\/2025\\\/02\\\/Espot-Isdin.webp\",\"width\":1920,\"height\":1080,\"caption\":\"Rodatge de l'espot d'ISDIN amb una menorquina a la Costa Brava\"},{\"@type\":\"BreadcrumbList\",\"@id\":\"https:\\\/\\\/customsailingcb.com\\\/ca\\\/custom-a-lanunci-disdin\\\/#breadcrumb\",\"itemListElement\":[{\"@type\":\"ListItem\",\"position\":1,\"name\":\"Inicio\",\"item\":\"https:\\\/\\\/customsailingcb.com\\\/ca\\\/\"},{\"@type\":\"ListItem\",\"position\":2,\"name\":\"Menorquina en un espot d'ISDIN en Costa Brava\"}]},{\"@type\":\"WebSite\",\"@id\":\"https:\\\/\\\/customsailingcb.com\\\/ca\\\/#website\",\"url\":\"https:\\\/\\\/customsailingcb.com\\\/ca\\\/\",\"name\":\"Custom Sailing CB\",\"description\":\"Lloguer embarcacions Costa Brava\",\"publisher\":{\"@id\":\"https:\\\/\\\/customsailingcb.com\\\/ca\\\/#organization\"},\"alternateName\":\"CustomSailingCB.com\",\"potentialAction\":[{\"@type\":\"SearchAction\",\"target\":{\"@type\":\"EntryPoint\",\"urlTemplate\":\"https:\\\/\\\/customsailingcb.com\\\/ca\\\/?s={search_term_string}\"},\"query-input\":{\"@type\":\"PropertyValueSpecification\",\"valueRequired\":true,\"valueName\":\"search_term_string\"}}],\"inLanguage\":\"ca\"},{\"@type\":\"Organization\",\"@id\":\"https:\\\/\\\/customsailingcb.com\\\/ca\\\/#organization\",\"name\":\"Custom Sailing CB\",\"alternateName\":\"Custom Sailing Costa Brava\",\"url\":\"https:\\\/\\\/customsailingcb.com\\\/ca\\\/\",\"logo\":{\"@type\":\"ImageObject\",\"inLanguage\":\"ca\",\"@id\":\"https:\\\/\\\/customsailingcb.com\\\/ca\\\/#\\\/schema\\\/logo\\\/image\\\/\",\"url\":\"https:\\\/\\\/www.customsailingcb.com\\\/wp-content\\\/uploads\\\/2025\\\/01\\\/Logo_customsailing-scaled.webp\",\"contentUrl\":\"https:\\\/\\\/www.customsailingcb.com\\\/wp-content\\\/uploads\\\/2025\\\/01\\\/Logo_customsailing-scaled.webp\",\"width\":2560,\"height\":1085,\"caption\":\"Custom Sailing CB\"},\"image\":{\"@id\":\"https:\\\/\\\/customsailingcb.com\\\/ca\\\/#\\\/schema\\\/logo\\\/image\\\/\"},\"sameAs\":[\"https:\\\/\\\/www.facebook.com\\\/customsailingcostabrava\",\"https:\\\/\\\/www.instagram.com\\\/customsailing\\\/\"]},{\"@type\":\"Person\",\"@id\":\"https:\\\/\\\/customsailingcb.com\\\/ca\\\/#\\\/schema\\\/person\\\/c0e9205b006a5bef52718da3e1d5cc22\",\"name\":\"Marta\",\"image\":{\"@type\":\"ImageObject\",\"inLanguage\":\"ca\",\"@id\":\"https:\\\/\\\/secure.gravatar.com\\\/avatar\\\/71257321272d7c2caea2b42ea370423d556c259de802dfa6e76465ad9664b3eb?s=96&d=mm&r=g\",\"url\":\"https:\\\/\\\/secure.gravatar.com\\\/avatar\\\/71257321272d7c2caea2b42ea370423d556c259de802dfa6e76465ad9664b3eb?s=96&d=mm&r=g\",\"contentUrl\":\"https:\\\/\\\/secure.gravatar.com\\\/avatar\\\/71257321272d7c2caea2b42ea370423d556c259de802dfa6e76465ad9664b3eb?s=96&d=mm&r=g\",\"caption\":\"Marta\"},\"url\":\"https:\\\/\\\/customsailingcb.com\\\/ca\\\/author\\\/marta\\\/\"}]}<\/script>\n<!-- \/ Yoast SEO plugin. -->","yoast_head_json":{"title":"Menorquina en un espot d'ISDIN | Costa Brava en vaixell","description":"La nostra menorquina protagonitza un espot d'ISDIN a la Costa Brava. Descobreix aquesta experi\u00e8ncia \u00fanica en vaixell en un entorn espectacular.","robots":{"index":"index","follow":"follow","max-snippet":"max-snippet:-1","max-image-preview":"max-image-preview:large","max-video-preview":"max-video-preview:-1"},"canonical":"https:\/\/customsailingcb.com\/ca\/custom-a-lanunci-disdin\/","og_locale":"ca_ES","og_type":"article","og_title":"Menorquina en un espot d'ISDIN | Costa Brava en vaixell","og_description":"La nostra menorquina protagonitza un espot d'ISDIN a la Costa Brava. Descobreix aquesta experi\u00e8ncia \u00fanica en vaixell en un entorn espectacular.","og_url":"https:\/\/customsailingcb.com\/ca\/custom-a-lanunci-disdin\/","og_site_name":"Custom sailing CB, Lloguer embarcacions Costa Brava","article_publisher":"https:\/\/www.facebook.com\/customsailingcostabrava","article_published_time":"2025-02-19T08:11:47+00:00","article_modified_time":"2026-04-25T09:43:00+00:00","og_image":[{"width":1920,"height":1080,"url":"https:\/\/customsailingcb.com\/wp-content\/uploads\/2025\/02\/Espot-Isdin.webp","type":"image\/webp"}],"author":"Marta","twitter_card":"summary_large_image","twitter_misc":{"Escrit per":"Marta","Temps estimat de lectura":"1 minut"},"schema":{"@context":"https:\/\/schema.org","@graph":[{"@type":"Article","@id":"https:\/\/customsailingcb.com\/ca\/custom-a-lanunci-disdin\/#article","isPartOf":{"@id":"https:\/\/customsailingcb.com\/ca\/custom-a-lanunci-disdin\/"},"author":{"name":"Marta","@id":"https:\/\/customsailingcb.com\/ca\/#\/schema\/person\/c0e9205b006a5bef52718da3e1d5cc22"},"headline":"Custom Sailing a l&#8217;anunci d&#8217;Isdin a la Costa Brava","datePublished":"2025-02-19T08:11:47+00:00","dateModified":"2026-04-25T09:43:00+00:00","mainEntityOfPage":{"@id":"https:\/\/customsailingcb.com\/ca\/custom-a-lanunci-disdin\/"},"wordCount":163,"publisher":{"@id":"https:\/\/customsailingcb.com\/ca\/#organization"},"image":{"@id":"https:\/\/customsailingcb.com\/ca\/custom-a-lanunci-disdin\/#primaryimage"},"thumbnailUrl":"https:\/\/customsailingcb.com\/wp-content\/uploads\/2025\/02\/Espot-Isdin.webp","articleSection":["Blog"],"inLanguage":"ca"},{"@type":"WebPage","@id":"https:\/\/customsailingcb.com\/ca\/custom-a-lanunci-disdin\/","url":"https:\/\/customsailingcb.com\/ca\/custom-a-lanunci-disdin\/","name":"Menorquina en un espot d'ISDIN | Costa Brava en vaixell","isPartOf":{"@id":"https:\/\/customsailingcb.com\/ca\/#website"},"primaryImageOfPage":{"@id":"https:\/\/customsailingcb.com\/ca\/custom-a-lanunci-disdin\/#primaryimage"},"image":{"@id":"https:\/\/customsailingcb.com\/ca\/custom-a-lanunci-disdin\/#primaryimage"},"thumbnailUrl":"https:\/\/customsailingcb.com\/wp-content\/uploads\/2025\/02\/Espot-Isdin.webp","datePublished":"2025-02-19T08:11:47+00:00","dateModified":"2026-04-25T09:43:00+00:00","description":"La nostra menorquina protagonitza un espot d'ISDIN a la Costa Brava. Descobreix aquesta experi\u00e8ncia \u00fanica en vaixell en un entorn espectacular.","breadcrumb":{"@id":"https:\/\/customsailingcb.com\/ca\/custom-a-lanunci-disdin\/#breadcrumb"},"inLanguage":"ca","potentialAction":[{"@type":"ReadAction","target":["https:\/\/customsailingcb.com\/ca\/custom-a-lanunci-disdin\/"]}]},{"@type":"ImageObject","inLanguage":"ca","@id":"https:\/\/customsailingcb.com\/ca\/custom-a-lanunci-disdin\/#primaryimage","url":"https:\/\/customsailingcb.com\/wp-content\/uploads\/2025\/02\/Espot-Isdin.webp","contentUrl":"https:\/\/customsailingcb.com\/wp-content\/uploads\/2025\/02\/Espot-Isdin.webp","width":1920,"height":1080,"caption":"Rodatge de l'espot d'ISDIN amb una menorquina a la Costa Brava"},{"@type":"BreadcrumbList","@id":"https:\/\/customsailingcb.com\/ca\/custom-a-lanunci-disdin\/#breadcrumb","itemListElement":[{"@type":"ListItem","position":1,"name":"Inicio","item":"https:\/\/customsailingcb.com\/ca\/"},{"@type":"ListItem","position":2,"name":"Menorquina en un espot d'ISDIN en Costa Brava"}]},{"@type":"WebSite","@id":"https:\/\/customsailingcb.com\/ca\/#website","url":"https:\/\/customsailingcb.com\/ca\/","name":"Custom Sailing CB","description":"Lloguer embarcacions Costa Brava","publisher":{"@id":"https:\/\/customsailingcb.com\/ca\/#organization"},"alternateName":"CustomSailingCB.com","potentialAction":[{"@type":"SearchAction","target":{"@type":"EntryPoint","urlTemplate":"https:\/\/customsailingcb.com\/ca\/?s={search_term_string}"},"query-input":{"@type":"PropertyValueSpecification","valueRequired":true,"valueName":"search_term_string"}}],"inLanguage":"ca"},{"@type":"Organization","@id":"https:\/\/customsailingcb.com\/ca\/#organization","name":"Custom Sailing CB","alternateName":"Custom Sailing Costa Brava","url":"https:\/\/customsailingcb.com\/ca\/","logo":{"@type":"ImageObject","inLanguage":"ca","@id":"https:\/\/customsailingcb.com\/ca\/#\/schema\/logo\/image\/","url":"https:\/\/www.customsailingcb.com\/wp-content\/uploads\/2025\/01\/Logo_customsailing-scaled.webp","contentUrl":"https:\/\/www.customsailingcb.com\/wp-content\/uploads\/2025\/01\/Logo_customsailing-scaled.webp","width":2560,"height":1085,"caption":"Custom Sailing CB"},"image":{"@id":"https:\/\/customsailingcb.com\/ca\/#\/schema\/logo\/image\/"},"sameAs":["https:\/\/www.facebook.com\/customsailingcostabrava","https:\/\/www.instagram.com\/customsailing\/"]},{"@type":"Person","@id":"https:\/\/customsailingcb.com\/ca\/#\/schema\/person\/c0e9205b006a5bef52718da3e1d5cc22","name":"Marta","image":{"@type":"ImageObject","inLanguage":"ca","@id":"https:\/\/secure.gravatar.com\/avatar\/71257321272d7c2caea2b42ea370423d556c259de802dfa6e76465ad9664b3eb?s=96&d=mm&r=g","url":"https:\/\/secure.gravatar.com\/avatar\/71257321272d7c2caea2b42ea370423d556c259de802dfa6e76465ad9664b3eb?s=96&d=mm&r=g","contentUrl":"https:\/\/secure.gravatar.com\/avatar\/71257321272d7c2caea2b42ea370423d556c259de802dfa6e76465ad9664b3eb?s=96&d=mm&r=g","caption":"Marta"},"url":"https:\/\/customsailingcb.com\/ca\/author\/marta\/"}]}},"_links":{"self":[{"href":"https:\/\/customsailingcb.com\/ca\/wp-json\/wp\/v2\/posts\/3643","targetHints":{"allow":["GET"]}}],"collection":[{"href":"https:\/\/customsailingcb.com\/ca\/wp-json\/wp\/v2\/posts"}],"about":[{"href":"https:\/\/customsailingcb.com\/ca\/wp-json\/wp\/v2\/types\/post"}],"author":[{"embeddable":true,"href":"https:\/\/customsailingcb.com\/ca\/wp-json\/wp\/v2\/users\/2"}],"replies":[{"embeddable":true,"href":"https:\/\/customsailingcb.com\/ca\/wp-json\/wp\/v2\/comments?post=3643"}],"version-history":[{"count":2,"href":"https:\/\/customsailingcb.com\/ca\/wp-json\/wp\/v2\/posts\/3643\/revisions"}],"predecessor-version":[{"id":6068,"href":"https:\/\/customsailingcb.com\/ca\/wp-json\/wp\/v2\/posts\/3643\/revisions\/6068"}],"wp:featuredmedia":[{"embeddable":true,"href":"https:\/\/customsailingcb.com\/ca\/wp-json\/wp\/v2\/media\/4074"}],"wp:attachment":[{"href":"https:\/\/customsailingcb.com\/ca\/wp-json\/wp\/v2\/media?parent=3643"}],"wp:term":[{"taxonomy":"category","embeddable":true,"href":"https:\/\/customsailingcb.com\/ca\/wp-json\/wp\/v2\/categories?post=3643"},{"taxonomy":"post_tag","embeddable":true,"href":"https:\/\/customsailingcb.com\/ca\/wp-json\/wp\/v2\/tags?post=3643"}],"curies":[{"name":"wp","href":"https:\/\/api.w.org\/{rel}","templated":true}]}}