{"id":3655,"date":"2025-02-19T08:03:03","date_gmt":"2025-02-19T08:03:03","guid":{"rendered":"https:\/\/customsailingcb.com\/negociacio-in-extremis-per-poder-installar-les-boies-maritimes-aquest-estiu-a-palafrugell\/"},"modified":"2025-02-19T08:03:03","modified_gmt":"2025-02-19T08:03:03","slug":"negociacio-in-extremis-per-poder-installar-les-boies-maritimes-aquest-estiu-a-palafrugell","status":"publish","type":"post","link":"https:\/\/customsailingcb.com\/ca\/negociacio-in-extremis-per-poder-installar-les-boies-maritimes-aquest-estiu-a-palafrugell\/","title":{"rendered":"Negociaci\u00f3 in extremis per poder instal\u00b7lar les boies mar\u00edtimes aquest estiu a Palafrugell"},"content":{"rendered":"<p>&#8220;Perillen les boies aquest estiu. El departament de Medi Ambient i Sostenibilitat de la Generalitat de Catalunya ha advertit que en zones de praderies de faner\u00f2games nom\u00e9s s&#8217;haurien d&#8217;usar boies de baix impacte. Aix\u00f2 complica la instal\u00b7laci\u00f3 d&#8217;aquesta temporada a Palafrugell, perqu\u00e8 els operadors no tindrien temps d&#8217;adaptar-se la nova normativa. Per aix\u00f2, l&#8217;Ajuntament est\u00e0 negociant.&#8221; el govern, la situaci\u00f3 \u201ces pot complicar molt\u00edssim\u201d, assegura el regidor de Via P\u00fablica.    <\/p>\n<p>En aquests moments, es fan servir blocs de formig\u00f3 per ancorar les boies, per\u00f2 la Generalitat no ho veu amb bons ulls. En una primera negociaci\u00f3 es va aconseguir que en lloc d&#8217;estar obligats a canviar tots els sistemes d&#8217;ancoratge, es pogu\u00e9s comen\u00e7ar nom\u00e9s amb un 20% o un 30%, segons el regidor Jaume <span class=\"hiddenSpellError\">Palah\u00ed.<\/span> Ara b\u00e9, aquest dimarts durant el Ple Municipal, va explicar a tres mesos de la instal\u00b7laci\u00f3, les empreses ja han advertit que tampoc no \u00e9s possible.  <\/p>\n<p>Per aix\u00f2, ara intenten conv\u00e8ncer a la Generalitat que els permeti mantenir tots els blocs de formig\u00f3 excepte en una sola zona concreta, com ara Calella de Palafrugell. All\u00e0 nom\u00e9s s&#8217;hi posarien boies de baix impacte, per demostrar a la Generalitat la voluntat de Palafrugell d&#8217;avan\u00e7ar progressivament cap a un \u00fas m\u00e9s sostenible. <\/p>\n<p><span class=\"hiddenSpellError\">Palah\u00ed<\/span> assegura, per\u00f2, que si no aconsegueixen conv\u00e8ncer la<span class=\"hiddenSpellError\"> conselleria<\/span>, \u201cla cosa es pot complicar molt\u00edssim\u201d.<\/p>\n<p>En tot cas, <span class=\"hiddenSpellError\">Palah\u00ed <\/span>ja alerta que en tres anys els operadors hauran d&#8217;instal\u00b7lar totes les boies de baix impacte a les zones de praderies de posid\u00f2nia.<\/p>\n<p>D&#8217;altra banda, el regidor explica que Capitania Mar\u00edtima i el Ministeri determina els espais que es poden instal\u00b7lar les boies. Per\u00f2 destaca que no es t\u00e9 en compte la biodiversitat de cada espai. A m\u00e9s, els operadors de les boies mar\u00edtimes han incrementat la zona que ocupen, per\u00f2 no el nombre de fixacions.&#8221;  <\/p>\n","protected":false},"excerpt":{"rendered":"<p>&#8220;Perillen les boies aquest estiu. El departament de Medi Ambient i Sostenibilitat de la Generalitat de Catalunya ha advertit que en zones de praderies de faner\u00f2games nom\u00e9s s&#8217;haurien d&#8217;usar boies de baix impacte. Aix\u00f2 complica la instal\u00b7laci\u00f3 d&#8217;aquesta temporada a Palafrugell, perqu\u00e8 els operadors no tindrien temps d&#8217;adaptar-se la nova normativa. Per aix\u00f2, l&#8217;Ajuntament est\u00e0 [&hellip;]<\/p>\n","protected":false},"author":2,"featured_media":2568,"comment_status":"closed","ping_status":"open","sticky":false,"template":"","format":"standard","meta":{"_acf_changed":false,"site-sidebar-layout":"default","site-content-layout":"","ast-site-content-layout":"","site-content-style":"default","site-sidebar-style":"default","ast-global-header-display":"","ast-banner-title-visibility":"","ast-main-header-display":"","ast-hfb-above-header-display":"","ast-hfb-below-header-display":"","ast-hfb-mobile-header-display":"","site-post-title":"","ast-breadcrumbs-content":"","ast-featured-img":"","footer-sml-layout":"","ast-disable-related-posts":"","theme-transparent-header-meta":"","adv-header-id-meta":"","stick-header-meta":"","header-above-stick-meta":"","header-main-stick-meta":"","header-below-stick-meta":"","astra-migrate-meta-layouts":"default","ast-page-background-enabled":"default","ast-page-background-meta":{"desktop":{"background-color":"var(--ast-global-color-5)","background-image":"","background-repeat":"repeat","background-position":"center center","background-size":"auto","background-attachment":"scroll","background-type":"","background-media":"","overlay-type":"","overlay-color":"","overlay-opacity":"","overlay-gradient":""},"tablet":{"background-color":"","background-image":"","background-repeat":"repeat","background-position":"center center","background-size":"auto","background-attachment":"scroll","background-type":"","background-media":"","overlay-type":"","overlay-color":"","overlay-opacity":"","overlay-gradient":""},"mobile":{"background-color":"","background-image":"","background-repeat":"repeat","background-position":"center center","background-size":"auto","background-attachment":"scroll","background-type":"","background-media":"","overlay-type":"","overlay-color":"","overlay-opacity":"","overlay-gradient":""}},"ast-content-background-meta":{"desktop":{"background-color":"var(--ast-global-color-4)","background-image":"","background-repeat":"repeat","background-position":"center center","background-size":"auto","background-attachment":"scroll","background-type":"","background-media":"","overlay-type":"","overlay-color":"","overlay-opacity":"","overlay-gradient":""},"tablet":{"background-color":"var(--ast-global-color-4)","background-image":"","background-repeat":"repeat","background-position":"center center","background-size":"auto","background-attachment":"scroll","background-type":"","background-media":"","overlay-type":"","overlay-color":"","overlay-opacity":"","overlay-gradient":""},"mobile":{"background-color":"var(--ast-global-color-4)","background-image":"","background-repeat":"repeat","background-position":"center center","background-size":"auto","background-attachment":"scroll","background-type":"","background-media":"","overlay-type":"","overlay-color":"","overlay-opacity":"","overlay-gradient":""}},"footnotes":""},"categories":[175],"tags":[],"class_list":["post-3655","post","type-post","status-publish","format-standard","has-post-thumbnail","hentry","category-blog-ca"],"acf":[],"yoast_head":"<!-- This site is optimized with the Yoast SEO plugin v27.4 - https:\/\/yoast.com\/product\/yoast-seo-wordpress\/ -->\n<title>Negociaci\u00f3 in extremis per poder instal\u00b7lar les boies mar\u00edtimes aquest estiu a Palafrugell - Custom sailing CB, Lloguer embarcacions Costa Brava<\/title>\n<meta name=\"robots\" content=\"index, follow, max-snippet:-1, max-image-preview:large, max-video-preview:-1\" \/>\n<link rel=\"canonical\" href=\"https:\/\/customsailingcb.com\/ca\/negociacio-in-extremis-per-poder-installar-les-boies-maritimes-aquest-estiu-a-palafrugell\/\" \/>\n<meta property=\"og:locale\" content=\"ca_ES\" \/>\n<meta property=\"og:type\" content=\"article\" \/>\n<meta property=\"og:title\" content=\"Negociaci\u00f3 in extremis per poder instal\u00b7lar les boies mar\u00edtimes aquest estiu a Palafrugell - Custom sailing CB, Lloguer embarcacions Costa Brava\" \/>\n<meta property=\"og:description\" content=\"&#8220;Perillen les boies aquest estiu. El departament de Medi Ambient i Sostenibilitat de la Generalitat de Catalunya ha advertit que en zones de praderies de faner\u00f2games nom\u00e9s s&#8217;haurien d&#8217;usar boies de baix impacte. Aix\u00f2 complica la instal\u00b7laci\u00f3 d&#8217;aquesta temporada a Palafrugell, perqu\u00e8 els operadors no tindrien temps d&#8217;adaptar-se la nova normativa. Per aix\u00f2, l&#8217;Ajuntament est\u00e0 [&hellip;]\" \/>\n<meta property=\"og:url\" content=\"https:\/\/customsailingcb.com\/ca\/negociacio-in-extremis-per-poder-installar-les-boies-maritimes-aquest-estiu-a-palafrugell\/\" \/>\n<meta property=\"og:site_name\" content=\"Custom sailing CB, Lloguer embarcacions Costa Brava\" \/>\n<meta property=\"article:publisher\" content=\"https:\/\/www.facebook.com\/customsailingcostabrava\" \/>\n<meta property=\"article:published_time\" content=\"2025-02-19T08:03:03+00:00\" \/>\n<meta property=\"og:image\" content=\"https:\/\/customsailingcb.com\/wp-content\/uploads\/2025\/02\/blog_Negociacio-in-extremis.jpg\" \/>\n\t<meta property=\"og:image:width\" content=\"2560\" \/>\n\t<meta property=\"og:image:height\" content=\"1440\" \/>\n\t<meta property=\"og:image:type\" content=\"image\/jpeg\" \/>\n<meta name=\"author\" content=\"Marta\" \/>\n<meta name=\"twitter:card\" content=\"summary_large_image\" \/>\n<meta name=\"twitter:label1\" content=\"Escrit per\" \/>\n\t<meta name=\"twitter:data1\" content=\"Marta\" \/>\n\t<meta name=\"twitter:label2\" content=\"Temps estimat de lectura\" \/>\n\t<meta name=\"twitter:data2\" content=\"2 minuts\" \/>\n<script type=\"application\/ld+json\" class=\"yoast-schema-graph\">{\"@context\":\"https:\\\/\\\/schema.org\",\"@graph\":[{\"@type\":\"Article\",\"@id\":\"https:\\\/\\\/customsailingcb.com\\\/ca\\\/negociacio-in-extremis-per-poder-installar-les-boies-maritimes-aquest-estiu-a-palafrugell\\\/#article\",\"isPartOf\":{\"@id\":\"https:\\\/\\\/customsailingcb.com\\\/ca\\\/negociacio-in-extremis-per-poder-installar-les-boies-maritimes-aquest-estiu-a-palafrugell\\\/\"},\"author\":{\"name\":\"Marta\",\"@id\":\"https:\\\/\\\/customsailingcb.com\\\/ca\\\/#\\\/schema\\\/person\\\/c0e9205b006a5bef52718da3e1d5cc22\"},\"headline\":\"Negociaci\u00f3 in extremis per poder instal\u00b7lar les boies mar\u00edtimes aquest estiu a Palafrugell\",\"datePublished\":\"2025-02-19T08:03:03+00:00\",\"mainEntityOfPage\":{\"@id\":\"https:\\\/\\\/customsailingcb.com\\\/ca\\\/negociacio-in-extremis-per-poder-installar-les-boies-maritimes-aquest-estiu-a-palafrugell\\\/\"},\"wordCount\":345,\"publisher\":{\"@id\":\"https:\\\/\\\/customsailingcb.com\\\/ca\\\/#organization\"},\"image\":{\"@id\":\"https:\\\/\\\/customsailingcb.com\\\/ca\\\/negociacio-in-extremis-per-poder-installar-les-boies-maritimes-aquest-estiu-a-palafrugell\\\/#primaryimage\"},\"thumbnailUrl\":\"https:\\\/\\\/customsailingcb.com\\\/wp-content\\\/uploads\\\/2025\\\/02\\\/blog_Negociacio-in-extremis.jpg\",\"articleSection\":[\"Blog\"],\"inLanguage\":\"ca\"},{\"@type\":\"WebPage\",\"@id\":\"https:\\\/\\\/customsailingcb.com\\\/ca\\\/negociacio-in-extremis-per-poder-installar-les-boies-maritimes-aquest-estiu-a-palafrugell\\\/\",\"url\":\"https:\\\/\\\/customsailingcb.com\\\/ca\\\/negociacio-in-extremis-per-poder-installar-les-boies-maritimes-aquest-estiu-a-palafrugell\\\/\",\"name\":\"Negociaci\u00f3 in extremis per poder instal\u00b7lar les boies mar\u00edtimes aquest estiu a Palafrugell - Custom sailing CB, Lloguer embarcacions Costa Brava\",\"isPartOf\":{\"@id\":\"https:\\\/\\\/customsailingcb.com\\\/ca\\\/#website\"},\"primaryImageOfPage\":{\"@id\":\"https:\\\/\\\/customsailingcb.com\\\/ca\\\/negociacio-in-extremis-per-poder-installar-les-boies-maritimes-aquest-estiu-a-palafrugell\\\/#primaryimage\"},\"image\":{\"@id\":\"https:\\\/\\\/customsailingcb.com\\\/ca\\\/negociacio-in-extremis-per-poder-installar-les-boies-maritimes-aquest-estiu-a-palafrugell\\\/#primaryimage\"},\"thumbnailUrl\":\"https:\\\/\\\/customsailingcb.com\\\/wp-content\\\/uploads\\\/2025\\\/02\\\/blog_Negociacio-in-extremis.jpg\",\"datePublished\":\"2025-02-19T08:03:03+00:00\",\"breadcrumb\":{\"@id\":\"https:\\\/\\\/customsailingcb.com\\\/ca\\\/negociacio-in-extremis-per-poder-installar-les-boies-maritimes-aquest-estiu-a-palafrugell\\\/#breadcrumb\"},\"inLanguage\":\"ca\",\"potentialAction\":[{\"@type\":\"ReadAction\",\"target\":[\"https:\\\/\\\/customsailingcb.com\\\/ca\\\/negociacio-in-extremis-per-poder-installar-les-boies-maritimes-aquest-estiu-a-palafrugell\\\/\"]}]},{\"@type\":\"ImageObject\",\"inLanguage\":\"ca\",\"@id\":\"https:\\\/\\\/customsailingcb.com\\\/ca\\\/negociacio-in-extremis-per-poder-installar-les-boies-maritimes-aquest-estiu-a-palafrugell\\\/#primaryimage\",\"url\":\"https:\\\/\\\/customsailingcb.com\\\/wp-content\\\/uploads\\\/2025\\\/02\\\/blog_Negociacio-in-extremis.jpg\",\"contentUrl\":\"https:\\\/\\\/customsailingcb.com\\\/wp-content\\\/uploads\\\/2025\\\/02\\\/blog_Negociacio-in-extremis.jpg\",\"width\":2560,\"height\":1440},{\"@type\":\"BreadcrumbList\",\"@id\":\"https:\\\/\\\/customsailingcb.com\\\/ca\\\/negociacio-in-extremis-per-poder-installar-les-boies-maritimes-aquest-estiu-a-palafrugell\\\/#breadcrumb\",\"itemListElement\":[{\"@type\":\"ListItem\",\"position\":1,\"name\":\"Inicio\",\"item\":\"https:\\\/\\\/customsailingcb.com\\\/ca\\\/\"},{\"@type\":\"ListItem\",\"position\":2,\"name\":\"Negociaci\u00f3 in extremis per poder instal\u00b7lar les boies mar\u00edtimes aquest estiu a Palafrugell\"}]},{\"@type\":\"WebSite\",\"@id\":\"https:\\\/\\\/customsailingcb.com\\\/ca\\\/#website\",\"url\":\"https:\\\/\\\/customsailingcb.com\\\/ca\\\/\",\"name\":\"Custom Sailing CB\",\"description\":\"Lloguer embarcacions Costa Brava\",\"publisher\":{\"@id\":\"https:\\\/\\\/customsailingcb.com\\\/ca\\\/#organization\"},\"alternateName\":\"CustomSailingCB.com\",\"potentialAction\":[{\"@type\":\"SearchAction\",\"target\":{\"@type\":\"EntryPoint\",\"urlTemplate\":\"https:\\\/\\\/customsailingcb.com\\\/ca\\\/?s={search_term_string}\"},\"query-input\":{\"@type\":\"PropertyValueSpecification\",\"valueRequired\":true,\"valueName\":\"search_term_string\"}}],\"inLanguage\":\"ca\"},{\"@type\":\"Organization\",\"@id\":\"https:\\\/\\\/customsailingcb.com\\\/ca\\\/#organization\",\"name\":\"Custom Sailing CB\",\"alternateName\":\"Custom Sailing Costa Brava\",\"url\":\"https:\\\/\\\/customsailingcb.com\\\/ca\\\/\",\"logo\":{\"@type\":\"ImageObject\",\"inLanguage\":\"ca\",\"@id\":\"https:\\\/\\\/customsailingcb.com\\\/ca\\\/#\\\/schema\\\/logo\\\/image\\\/\",\"url\":\"https:\\\/\\\/www.customsailingcb.com\\\/wp-content\\\/uploads\\\/2025\\\/01\\\/Logo_customsailing-scaled.webp\",\"contentUrl\":\"https:\\\/\\\/www.customsailingcb.com\\\/wp-content\\\/uploads\\\/2025\\\/01\\\/Logo_customsailing-scaled.webp\",\"width\":2560,\"height\":1085,\"caption\":\"Custom Sailing CB\"},\"image\":{\"@id\":\"https:\\\/\\\/customsailingcb.com\\\/ca\\\/#\\\/schema\\\/logo\\\/image\\\/\"},\"sameAs\":[\"https:\\\/\\\/www.facebook.com\\\/customsailingcostabrava\",\"https:\\\/\\\/www.instagram.com\\\/customsailing\\\/\"]},{\"@type\":\"Person\",\"@id\":\"https:\\\/\\\/customsailingcb.com\\\/ca\\\/#\\\/schema\\\/person\\\/c0e9205b006a5bef52718da3e1d5cc22\",\"name\":\"Marta\",\"image\":{\"@type\":\"ImageObject\",\"inLanguage\":\"ca\",\"@id\":\"https:\\\/\\\/secure.gravatar.com\\\/avatar\\\/71257321272d7c2caea2b42ea370423d556c259de802dfa6e76465ad9664b3eb?s=96&d=mm&r=g\",\"url\":\"https:\\\/\\\/secure.gravatar.com\\\/avatar\\\/71257321272d7c2caea2b42ea370423d556c259de802dfa6e76465ad9664b3eb?s=96&d=mm&r=g\",\"contentUrl\":\"https:\\\/\\\/secure.gravatar.com\\\/avatar\\\/71257321272d7c2caea2b42ea370423d556c259de802dfa6e76465ad9664b3eb?s=96&d=mm&r=g\",\"caption\":\"Marta\"},\"url\":\"https:\\\/\\\/customsailingcb.com\\\/ca\\\/author\\\/marta\\\/\"}]}<\/script>\n<!-- \/ Yoast SEO plugin. -->","yoast_head_json":{"title":"Negociaci\u00f3 in extremis per poder instal\u00b7lar les boies mar\u00edtimes aquest estiu a Palafrugell - Custom sailing CB, Lloguer embarcacions Costa Brava","robots":{"index":"index","follow":"follow","max-snippet":"max-snippet:-1","max-image-preview":"max-image-preview:large","max-video-preview":"max-video-preview:-1"},"canonical":"https:\/\/customsailingcb.com\/ca\/negociacio-in-extremis-per-poder-installar-les-boies-maritimes-aquest-estiu-a-palafrugell\/","og_locale":"ca_ES","og_type":"article","og_title":"Negociaci\u00f3 in extremis per poder instal\u00b7lar les boies mar\u00edtimes aquest estiu a Palafrugell - Custom sailing CB, Lloguer embarcacions Costa Brava","og_description":"&#8220;Perillen les boies aquest estiu. El departament de Medi Ambient i Sostenibilitat de la Generalitat de Catalunya ha advertit que en zones de praderies de faner\u00f2games nom\u00e9s s&#8217;haurien d&#8217;usar boies de baix impacte. Aix\u00f2 complica la instal\u00b7laci\u00f3 d&#8217;aquesta temporada a Palafrugell, perqu\u00e8 els operadors no tindrien temps d&#8217;adaptar-se la nova normativa. Per aix\u00f2, l&#8217;Ajuntament est\u00e0 [&hellip;]","og_url":"https:\/\/customsailingcb.com\/ca\/negociacio-in-extremis-per-poder-installar-les-boies-maritimes-aquest-estiu-a-palafrugell\/","og_site_name":"Custom sailing CB, Lloguer embarcacions Costa Brava","article_publisher":"https:\/\/www.facebook.com\/customsailingcostabrava","article_published_time":"2025-02-19T08:03:03+00:00","og_image":[{"width":2560,"height":1440,"url":"https:\/\/customsailingcb.com\/wp-content\/uploads\/2025\/02\/blog_Negociacio-in-extremis.jpg","type":"image\/jpeg"}],"author":"Marta","twitter_card":"summary_large_image","twitter_misc":{"Escrit per":"Marta","Temps estimat de lectura":"2 minuts"},"schema":{"@context":"https:\/\/schema.org","@graph":[{"@type":"Article","@id":"https:\/\/customsailingcb.com\/ca\/negociacio-in-extremis-per-poder-installar-les-boies-maritimes-aquest-estiu-a-palafrugell\/#article","isPartOf":{"@id":"https:\/\/customsailingcb.com\/ca\/negociacio-in-extremis-per-poder-installar-les-boies-maritimes-aquest-estiu-a-palafrugell\/"},"author":{"name":"Marta","@id":"https:\/\/customsailingcb.com\/ca\/#\/schema\/person\/c0e9205b006a5bef52718da3e1d5cc22"},"headline":"Negociaci\u00f3 in extremis per poder instal\u00b7lar les boies mar\u00edtimes aquest estiu a Palafrugell","datePublished":"2025-02-19T08:03:03+00:00","mainEntityOfPage":{"@id":"https:\/\/customsailingcb.com\/ca\/negociacio-in-extremis-per-poder-installar-les-boies-maritimes-aquest-estiu-a-palafrugell\/"},"wordCount":345,"publisher":{"@id":"https:\/\/customsailingcb.com\/ca\/#organization"},"image":{"@id":"https:\/\/customsailingcb.com\/ca\/negociacio-in-extremis-per-poder-installar-les-boies-maritimes-aquest-estiu-a-palafrugell\/#primaryimage"},"thumbnailUrl":"https:\/\/customsailingcb.com\/wp-content\/uploads\/2025\/02\/blog_Negociacio-in-extremis.jpg","articleSection":["Blog"],"inLanguage":"ca"},{"@type":"WebPage","@id":"https:\/\/customsailingcb.com\/ca\/negociacio-in-extremis-per-poder-installar-les-boies-maritimes-aquest-estiu-a-palafrugell\/","url":"https:\/\/customsailingcb.com\/ca\/negociacio-in-extremis-per-poder-installar-les-boies-maritimes-aquest-estiu-a-palafrugell\/","name":"Negociaci\u00f3 in extremis per poder instal\u00b7lar les boies mar\u00edtimes aquest estiu a Palafrugell - Custom sailing CB, Lloguer embarcacions Costa Brava","isPartOf":{"@id":"https:\/\/customsailingcb.com\/ca\/#website"},"primaryImageOfPage":{"@id":"https:\/\/customsailingcb.com\/ca\/negociacio-in-extremis-per-poder-installar-les-boies-maritimes-aquest-estiu-a-palafrugell\/#primaryimage"},"image":{"@id":"https:\/\/customsailingcb.com\/ca\/negociacio-in-extremis-per-poder-installar-les-boies-maritimes-aquest-estiu-a-palafrugell\/#primaryimage"},"thumbnailUrl":"https:\/\/customsailingcb.com\/wp-content\/uploads\/2025\/02\/blog_Negociacio-in-extremis.jpg","datePublished":"2025-02-19T08:03:03+00:00","breadcrumb":{"@id":"https:\/\/customsailingcb.com\/ca\/negociacio-in-extremis-per-poder-installar-les-boies-maritimes-aquest-estiu-a-palafrugell\/#breadcrumb"},"inLanguage":"ca","potentialAction":[{"@type":"ReadAction","target":["https:\/\/customsailingcb.com\/ca\/negociacio-in-extremis-per-poder-installar-les-boies-maritimes-aquest-estiu-a-palafrugell\/"]}]},{"@type":"ImageObject","inLanguage":"ca","@id":"https:\/\/customsailingcb.com\/ca\/negociacio-in-extremis-per-poder-installar-les-boies-maritimes-aquest-estiu-a-palafrugell\/#primaryimage","url":"https:\/\/customsailingcb.com\/wp-content\/uploads\/2025\/02\/blog_Negociacio-in-extremis.jpg","contentUrl":"https:\/\/customsailingcb.com\/wp-content\/uploads\/2025\/02\/blog_Negociacio-in-extremis.jpg","width":2560,"height":1440},{"@type":"BreadcrumbList","@id":"https:\/\/customsailingcb.com\/ca\/negociacio-in-extremis-per-poder-installar-les-boies-maritimes-aquest-estiu-a-palafrugell\/#breadcrumb","itemListElement":[{"@type":"ListItem","position":1,"name":"Inicio","item":"https:\/\/customsailingcb.com\/ca\/"},{"@type":"ListItem","position":2,"name":"Negociaci\u00f3 in extremis per poder instal\u00b7lar les boies mar\u00edtimes aquest estiu a Palafrugell"}]},{"@type":"WebSite","@id":"https:\/\/customsailingcb.com\/ca\/#website","url":"https:\/\/customsailingcb.com\/ca\/","name":"Custom Sailing CB","description":"Lloguer embarcacions Costa Brava","publisher":{"@id":"https:\/\/customsailingcb.com\/ca\/#organization"},"alternateName":"CustomSailingCB.com","potentialAction":[{"@type":"SearchAction","target":{"@type":"EntryPoint","urlTemplate":"https:\/\/customsailingcb.com\/ca\/?s={search_term_string}"},"query-input":{"@type":"PropertyValueSpecification","valueRequired":true,"valueName":"search_term_string"}}],"inLanguage":"ca"},{"@type":"Organization","@id":"https:\/\/customsailingcb.com\/ca\/#organization","name":"Custom Sailing CB","alternateName":"Custom Sailing Costa Brava","url":"https:\/\/customsailingcb.com\/ca\/","logo":{"@type":"ImageObject","inLanguage":"ca","@id":"https:\/\/customsailingcb.com\/ca\/#\/schema\/logo\/image\/","url":"https:\/\/www.customsailingcb.com\/wp-content\/uploads\/2025\/01\/Logo_customsailing-scaled.webp","contentUrl":"https:\/\/www.customsailingcb.com\/wp-content\/uploads\/2025\/01\/Logo_customsailing-scaled.webp","width":2560,"height":1085,"caption":"Custom Sailing CB"},"image":{"@id":"https:\/\/customsailingcb.com\/ca\/#\/schema\/logo\/image\/"},"sameAs":["https:\/\/www.facebook.com\/customsailingcostabrava","https:\/\/www.instagram.com\/customsailing\/"]},{"@type":"Person","@id":"https:\/\/customsailingcb.com\/ca\/#\/schema\/person\/c0e9205b006a5bef52718da3e1d5cc22","name":"Marta","image":{"@type":"ImageObject","inLanguage":"ca","@id":"https:\/\/secure.gravatar.com\/avatar\/71257321272d7c2caea2b42ea370423d556c259de802dfa6e76465ad9664b3eb?s=96&d=mm&r=g","url":"https:\/\/secure.gravatar.com\/avatar\/71257321272d7c2caea2b42ea370423d556c259de802dfa6e76465ad9664b3eb?s=96&d=mm&r=g","contentUrl":"https:\/\/secure.gravatar.com\/avatar\/71257321272d7c2caea2b42ea370423d556c259de802dfa6e76465ad9664b3eb?s=96&d=mm&r=g","caption":"Marta"},"url":"https:\/\/customsailingcb.com\/ca\/author\/marta\/"}]}},"_links":{"self":[{"href":"https:\/\/customsailingcb.com\/ca\/wp-json\/wp\/v2\/posts\/3655","targetHints":{"allow":["GET"]}}],"collection":[{"href":"https:\/\/customsailingcb.com\/ca\/wp-json\/wp\/v2\/posts"}],"about":[{"href":"https:\/\/customsailingcb.com\/ca\/wp-json\/wp\/v2\/types\/post"}],"author":[{"embeddable":true,"href":"https:\/\/customsailingcb.com\/ca\/wp-json\/wp\/v2\/users\/2"}],"replies":[{"embeddable":true,"href":"https:\/\/customsailingcb.com\/ca\/wp-json\/wp\/v2\/comments?post=3655"}],"version-history":[{"count":0,"href":"https:\/\/customsailingcb.com\/ca\/wp-json\/wp\/v2\/posts\/3655\/revisions"}],"wp:featuredmedia":[{"embeddable":true,"href":"https:\/\/customsailingcb.com\/ca\/wp-json\/wp\/v2\/media\/2568"}],"wp:attachment":[{"href":"https:\/\/customsailingcb.com\/ca\/wp-json\/wp\/v2\/media?parent=3655"}],"wp:term":[{"taxonomy":"category","embeddable":true,"href":"https:\/\/customsailingcb.com\/ca\/wp-json\/wp\/v2\/categories?post=3655"},{"taxonomy":"post_tag","embeddable":true,"href":"https:\/\/customsailingcb.com\/ca\/wp-json\/wp\/v2\/tags?post=3655"}],"curies":[{"name":"wp","href":"https:\/\/api.w.org\/{rel}","templated":true}]}}