{"id":3658,"date":"2025-02-19T07:15:23","date_gmt":"2025-02-19T07:15:23","guid":{"rendered":"https:\/\/customsailingcb.com\/els-gestors-de-les-boies-de-palafrugell-es-queixen-de-mala-planificacio\/"},"modified":"2025-02-19T07:15:23","modified_gmt":"2025-02-19T07:15:23","slug":"els-gestors-de-les-boies-de-palafrugell-es-queixen-de-mala-planificacio","status":"publish","type":"post","link":"https:\/\/customsailingcb.com\/ca\/els-gestors-de-les-boies-de-palafrugell-es-queixen-de-mala-planificacio\/","title":{"rendered":"Els gestors de les boies de Palafrugell es queixen de \u00abmala planificaci\u00f3\u00bb"},"content":{"rendered":"<p>Les entitats que van guanyar el concurs per gestionar els camps de boies a les platges de Llafranc, Tamariu, Canadell i Portbo-Calau -on hi ha un total de 914 boies- es queixen de &#8220;mala planificaci\u00f3&#8221; municipal quant al compliment de la normativa. Despr\u00e9s que el regidor de Via P\u00fablica de l&#8217;Ajuntament de Palafrugell, Jaume Palah\u00ed, alert\u00e9s que els incompliments actuals de la normativa impedirien l&#8217;aprovaci\u00f3 del Pla d&#8217;Usos per instal\u00b7lar els camps de boies aquest estiu, ara els que van guanyar la licitaci\u00f3 indiquen que aquesta situaci\u00f3 s&#8217;est\u00e0 produint \u00abdes de fa temps\u00bb i que \u00ab\u00e9s impossible\u00bb revertir. <\/p>\n<p>El president del Club N\u00e0utic Tamariu -una de les empreses que va guanyar la licitaci\u00f3- Josep M. S\u00e1nchez, exposa que tampoc no han vist l&#8217;informe de la Generalitat que alertaria d&#8217;aquests incompliments: \u00abNom\u00e9s ens diuen que hi ha aquesta resoluci\u00f3 i que no s&#8217;aprovar\u00e0 el pla d&#8217;usos quan nosaltres ja tenim contractades la meitat de les boies i sense el pla de boies. Estem parlant d?una inversi\u00f3 molt gran que ja est\u00e0 feta, aix\u00f2 no es pot canviar d?un dia per l?altre\u00bb. S\u00e1nchez afegeix que les problem\u00e0tiques s\u00f3n diverses i de diversa caracter\u00edstica: d&#8217;una banda, hi va haver una modificaci\u00f3 de les delimitacions de l&#8217;espai on col\u00b7locar les boies i de l&#8217;altra hi hauria boies massa properes a praderies de posid\u00f2nia. <\/p>\n<p>Pel que fa a les v\u00edctimes mortals de formig\u00f3, S\u00e1nchez exposa que estan \u00abdes de fa m\u00e9s de 30 anys\u00bb i caldria estudiar si cal moure&#8217;ls o si, per l&#8217;adaptaci\u00f3 de l&#8217;entorn mar\u00ed, caldria deixar-los com estan. \u00abSi hi ha algun mort que estigui massa a prop de la posid\u00f2nia, potser s&#8217;hauria de canviar. L&#8217;altre tema tamb\u00e9 \u00e9s que es van definir unes \u00e0rees per posar les boies m\u00e9s petites, per\u00f2, no obstant, Capitania Mar\u00edtima va fer la concessi\u00f3 de deixar-nos posar-les com les ten\u00edem perqu\u00e8 quedaven mar endins\u00bb, indica S\u00e1nchez. <\/p>\n<p>El president del Club N\u00e0utic subratlla que \u00abnosaltres estar\u00edem disposats a col\u00b7laborar des del primer moment, com no pot ser d&#8217;una altra manera, si cal canviar alguna mort i nom\u00e9s demanem que aix\u00f2 es pugui programar de manera que no fem mal a l&#8217;equilibri ecol\u00f2gic que hi ha en aquests moments\u00bb.<\/p>\n<p>Els gestors dels camps de boies insisteixen a celebrar una reuni\u00f3 en qu\u00e8 intervingui l&#8217;Ajuntament, el Medi Ambient i ells mateixos per \u00abposar fil a l&#8217;agulla immediatament\u00bb i desencallar la situaci\u00f3 perqu\u00e8 es pugui aprovar el Pla d&#8217;Usos: \u00abCreiem que no s&#8217;hauria de muntar aquesta alarma social en un mes de mar\u00e7 en qu\u00e8 ja s&#8217;estan. Aix\u00f2 s&#8217;hauria d&#8217;haver fet a l&#8217;octubre. L&#8217;ideal seria asseure&#8217;s per saber quins s\u00f3n els canvis a fer i quin calendari d&#8217;aplicaci\u00f3 poden tenir\u00bb, conclou S\u00e1nchez.<\/p>\n","protected":false},"excerpt":{"rendered":"<p>Les entitats que van guanyar el concurs per gestionar els camps de boies a les platges de Llafranc, Tamariu, Canadell i Portbo-Calau -on hi ha un total de 914 boies- es queixen de &#8220;mala planificaci\u00f3&#8221; municipal quant al compliment de la normativa. Despr\u00e9s que el regidor de Via P\u00fablica de l&#8217;Ajuntament de Palafrugell, Jaume Palah\u00ed, [&hellip;]<\/p>\n","protected":false},"author":2,"featured_media":2550,"comment_status":"closed","ping_status":"open","sticky":false,"template":"","format":"standard","meta":{"_acf_changed":false,"site-sidebar-layout":"default","site-content-layout":"","ast-site-content-layout":"","site-content-style":"default","site-sidebar-style":"default","ast-global-header-display":"","ast-banner-title-visibility":"","ast-main-header-display":"","ast-hfb-above-header-display":"","ast-hfb-below-header-display":"","ast-hfb-mobile-header-display":"","site-post-title":"","ast-breadcrumbs-content":"","ast-featured-img":"","footer-sml-layout":"","ast-disable-related-posts":"","theme-transparent-header-meta":"","adv-header-id-meta":"","stick-header-meta":"","header-above-stick-meta":"","header-main-stick-meta":"","header-below-stick-meta":"","astra-migrate-meta-layouts":"default","ast-page-background-enabled":"default","ast-page-background-meta":{"desktop":{"background-color":"var(--ast-global-color-5)","background-image":"","background-repeat":"repeat","background-position":"center center","background-size":"auto","background-attachment":"scroll","background-type":"","background-media":"","overlay-type":"","overlay-color":"","overlay-opacity":"","overlay-gradient":""},"tablet":{"background-color":"","background-image":"","background-repeat":"repeat","background-position":"center center","background-size":"auto","background-attachment":"scroll","background-type":"","background-media":"","overlay-type":"","overlay-color":"","overlay-opacity":"","overlay-gradient":""},"mobile":{"background-color":"","background-image":"","background-repeat":"repeat","background-position":"center center","background-size":"auto","background-attachment":"scroll","background-type":"","background-media":"","overlay-type":"","overlay-color":"","overlay-opacity":"","overlay-gradient":""}},"ast-content-background-meta":{"desktop":{"background-color":"var(--ast-global-color-4)","background-image":"","background-repeat":"repeat","background-position":"center center","background-size":"auto","background-attachment":"scroll","background-type":"","background-media":"","overlay-type":"","overlay-color":"","overlay-opacity":"","overlay-gradient":""},"tablet":{"background-color":"var(--ast-global-color-4)","background-image":"","background-repeat":"repeat","background-position":"center center","background-size":"auto","background-attachment":"scroll","background-type":"","background-media":"","overlay-type":"","overlay-color":"","overlay-opacity":"","overlay-gradient":""},"mobile":{"background-color":"var(--ast-global-color-4)","background-image":"","background-repeat":"repeat","background-position":"center center","background-size":"auto","background-attachment":"scroll","background-type":"","background-media":"","overlay-type":"","overlay-color":"","overlay-opacity":"","overlay-gradient":""}},"footnotes":""},"categories":[175],"tags":[],"class_list":["post-3658","post","type-post","status-publish","format-standard","has-post-thumbnail","hentry","category-blog-ca"],"acf":[],"yoast_head":"<!-- This site is optimized with the Yoast SEO plugin v27.4 - https:\/\/yoast.com\/product\/yoast-seo-wordpress\/ -->\n<title>Els gestors de les boies de Palafrugell es queixen de \u00abmala planificaci\u00f3\u00bb - Custom sailing CB, Lloguer embarcacions Costa Brava<\/title>\n<meta name=\"robots\" content=\"index, follow, max-snippet:-1, max-image-preview:large, max-video-preview:-1\" \/>\n<link rel=\"canonical\" href=\"https:\/\/customsailingcb.com\/ca\/els-gestors-de-les-boies-de-palafrugell-es-queixen-de-mala-planificacio\/\" \/>\n<meta property=\"og:locale\" content=\"ca_ES\" \/>\n<meta property=\"og:type\" content=\"article\" \/>\n<meta property=\"og:title\" content=\"Els gestors de les boies de Palafrugell es queixen de \u00abmala planificaci\u00f3\u00bb - Custom sailing CB, Lloguer embarcacions Costa Brava\" \/>\n<meta property=\"og:description\" content=\"Les entitats que van guanyar el concurs per gestionar els camps de boies a les platges de Llafranc, Tamariu, Canadell i Portbo-Calau -on hi ha un total de 914 boies- es queixen de &#8220;mala planificaci\u00f3&#8221; municipal quant al compliment de la normativa. Despr\u00e9s que el regidor de Via P\u00fablica de l&#8217;Ajuntament de Palafrugell, Jaume Palah\u00ed, [&hellip;]\" \/>\n<meta property=\"og:url\" content=\"https:\/\/customsailingcb.com\/ca\/els-gestors-de-les-boies-de-palafrugell-es-queixen-de-mala-planificacio\/\" \/>\n<meta property=\"og:site_name\" content=\"Custom sailing CB, Lloguer embarcacions Costa Brava\" \/>\n<meta property=\"article:publisher\" content=\"https:\/\/www.facebook.com\/customsailingcostabrava\" \/>\n<meta property=\"article:published_time\" content=\"2025-02-19T07:15:23+00:00\" \/>\n<meta property=\"og:image\" content=\"https:\/\/customsailingcb.com\/wp-content\/uploads\/2025\/02\/blog_gestores_mala_planificacion.jpg\" \/>\n\t<meta property=\"og:image:width\" content=\"1200\" \/>\n\t<meta property=\"og:image:height\" content=\"675\" \/>\n\t<meta property=\"og:image:type\" content=\"image\/jpeg\" \/>\n<meta name=\"author\" content=\"Marta\" \/>\n<meta name=\"twitter:card\" content=\"summary_large_image\" \/>\n<meta name=\"twitter:label1\" content=\"Escrit per\" \/>\n\t<meta name=\"twitter:data1\" content=\"Marta\" \/>\n\t<meta name=\"twitter:label2\" content=\"Temps estimat de lectura\" \/>\n\t<meta name=\"twitter:data2\" content=\"2 minuts\" \/>\n<script type=\"application\/ld+json\" class=\"yoast-schema-graph\">{\"@context\":\"https:\\\/\\\/schema.org\",\"@graph\":[{\"@type\":\"Article\",\"@id\":\"https:\\\/\\\/customsailingcb.com\\\/ca\\\/els-gestors-de-les-boies-de-palafrugell-es-queixen-de-mala-planificacio\\\/#article\",\"isPartOf\":{\"@id\":\"https:\\\/\\\/customsailingcb.com\\\/ca\\\/els-gestors-de-les-boies-de-palafrugell-es-queixen-de-mala-planificacio\\\/\"},\"author\":{\"name\":\"Marta\",\"@id\":\"https:\\\/\\\/customsailingcb.com\\\/ca\\\/#\\\/schema\\\/person\\\/c0e9205b006a5bef52718da3e1d5cc22\"},\"headline\":\"Els gestors de les boies de Palafrugell es queixen de \u00abmala planificaci\u00f3\u00bb\",\"datePublished\":\"2025-02-19T07:15:23+00:00\",\"mainEntityOfPage\":{\"@id\":\"https:\\\/\\\/customsailingcb.com\\\/ca\\\/els-gestors-de-les-boies-de-palafrugell-es-queixen-de-mala-planificacio\\\/\"},\"wordCount\":513,\"publisher\":{\"@id\":\"https:\\\/\\\/customsailingcb.com\\\/ca\\\/#organization\"},\"image\":{\"@id\":\"https:\\\/\\\/customsailingcb.com\\\/ca\\\/els-gestors-de-les-boies-de-palafrugell-es-queixen-de-mala-planificacio\\\/#primaryimage\"},\"thumbnailUrl\":\"https:\\\/\\\/customsailingcb.com\\\/wp-content\\\/uploads\\\/2025\\\/02\\\/blog_gestores_mala_planificacion.jpg\",\"articleSection\":[\"Blog\"],\"inLanguage\":\"ca\"},{\"@type\":\"WebPage\",\"@id\":\"https:\\\/\\\/customsailingcb.com\\\/ca\\\/els-gestors-de-les-boies-de-palafrugell-es-queixen-de-mala-planificacio\\\/\",\"url\":\"https:\\\/\\\/customsailingcb.com\\\/ca\\\/els-gestors-de-les-boies-de-palafrugell-es-queixen-de-mala-planificacio\\\/\",\"name\":\"Els gestors de les boies de Palafrugell es queixen de \u00abmala planificaci\u00f3\u00bb - Custom sailing CB, Lloguer embarcacions Costa Brava\",\"isPartOf\":{\"@id\":\"https:\\\/\\\/customsailingcb.com\\\/ca\\\/#website\"},\"primaryImageOfPage\":{\"@id\":\"https:\\\/\\\/customsailingcb.com\\\/ca\\\/els-gestors-de-les-boies-de-palafrugell-es-queixen-de-mala-planificacio\\\/#primaryimage\"},\"image\":{\"@id\":\"https:\\\/\\\/customsailingcb.com\\\/ca\\\/els-gestors-de-les-boies-de-palafrugell-es-queixen-de-mala-planificacio\\\/#primaryimage\"},\"thumbnailUrl\":\"https:\\\/\\\/customsailingcb.com\\\/wp-content\\\/uploads\\\/2025\\\/02\\\/blog_gestores_mala_planificacion.jpg\",\"datePublished\":\"2025-02-19T07:15:23+00:00\",\"breadcrumb\":{\"@id\":\"https:\\\/\\\/customsailingcb.com\\\/ca\\\/els-gestors-de-les-boies-de-palafrugell-es-queixen-de-mala-planificacio\\\/#breadcrumb\"},\"inLanguage\":\"ca\",\"potentialAction\":[{\"@type\":\"ReadAction\",\"target\":[\"https:\\\/\\\/customsailingcb.com\\\/ca\\\/els-gestors-de-les-boies-de-palafrugell-es-queixen-de-mala-planificacio\\\/\"]}]},{\"@type\":\"ImageObject\",\"inLanguage\":\"ca\",\"@id\":\"https:\\\/\\\/customsailingcb.com\\\/ca\\\/els-gestors-de-les-boies-de-palafrugell-es-queixen-de-mala-planificacio\\\/#primaryimage\",\"url\":\"https:\\\/\\\/customsailingcb.com\\\/wp-content\\\/uploads\\\/2025\\\/02\\\/blog_gestores_mala_planificacion.jpg\",\"contentUrl\":\"https:\\\/\\\/customsailingcb.com\\\/wp-content\\\/uploads\\\/2025\\\/02\\\/blog_gestores_mala_planificacion.jpg\",\"width\":1200,\"height\":675},{\"@type\":\"BreadcrumbList\",\"@id\":\"https:\\\/\\\/customsailingcb.com\\\/ca\\\/els-gestors-de-les-boies-de-palafrugell-es-queixen-de-mala-planificacio\\\/#breadcrumb\",\"itemListElement\":[{\"@type\":\"ListItem\",\"position\":1,\"name\":\"Inicio\",\"item\":\"https:\\\/\\\/customsailingcb.com\\\/ca\\\/\"},{\"@type\":\"ListItem\",\"position\":2,\"name\":\"Els gestors de les boies de Palafrugell es queixen de \u00abmala planificaci\u00f3\u00bb\"}]},{\"@type\":\"WebSite\",\"@id\":\"https:\\\/\\\/customsailingcb.com\\\/ca\\\/#website\",\"url\":\"https:\\\/\\\/customsailingcb.com\\\/ca\\\/\",\"name\":\"Custom Sailing CB\",\"description\":\"Lloguer embarcacions Costa Brava\",\"publisher\":{\"@id\":\"https:\\\/\\\/customsailingcb.com\\\/ca\\\/#organization\"},\"alternateName\":\"CustomSailingCB.com\",\"potentialAction\":[{\"@type\":\"SearchAction\",\"target\":{\"@type\":\"EntryPoint\",\"urlTemplate\":\"https:\\\/\\\/customsailingcb.com\\\/ca\\\/?s={search_term_string}\"},\"query-input\":{\"@type\":\"PropertyValueSpecification\",\"valueRequired\":true,\"valueName\":\"search_term_string\"}}],\"inLanguage\":\"ca\"},{\"@type\":\"Organization\",\"@id\":\"https:\\\/\\\/customsailingcb.com\\\/ca\\\/#organization\",\"name\":\"Custom Sailing CB\",\"alternateName\":\"Custom Sailing Costa Brava\",\"url\":\"https:\\\/\\\/customsailingcb.com\\\/ca\\\/\",\"logo\":{\"@type\":\"ImageObject\",\"inLanguage\":\"ca\",\"@id\":\"https:\\\/\\\/customsailingcb.com\\\/ca\\\/#\\\/schema\\\/logo\\\/image\\\/\",\"url\":\"https:\\\/\\\/www.customsailingcb.com\\\/wp-content\\\/uploads\\\/2025\\\/01\\\/Logo_customsailing-scaled.webp\",\"contentUrl\":\"https:\\\/\\\/www.customsailingcb.com\\\/wp-content\\\/uploads\\\/2025\\\/01\\\/Logo_customsailing-scaled.webp\",\"width\":2560,\"height\":1085,\"caption\":\"Custom Sailing CB\"},\"image\":{\"@id\":\"https:\\\/\\\/customsailingcb.com\\\/ca\\\/#\\\/schema\\\/logo\\\/image\\\/\"},\"sameAs\":[\"https:\\\/\\\/www.facebook.com\\\/customsailingcostabrava\",\"https:\\\/\\\/www.instagram.com\\\/customsailing\\\/\"]},{\"@type\":\"Person\",\"@id\":\"https:\\\/\\\/customsailingcb.com\\\/ca\\\/#\\\/schema\\\/person\\\/c0e9205b006a5bef52718da3e1d5cc22\",\"name\":\"Marta\",\"image\":{\"@type\":\"ImageObject\",\"inLanguage\":\"ca\",\"@id\":\"https:\\\/\\\/secure.gravatar.com\\\/avatar\\\/71257321272d7c2caea2b42ea370423d556c259de802dfa6e76465ad9664b3eb?s=96&d=mm&r=g\",\"url\":\"https:\\\/\\\/secure.gravatar.com\\\/avatar\\\/71257321272d7c2caea2b42ea370423d556c259de802dfa6e76465ad9664b3eb?s=96&d=mm&r=g\",\"contentUrl\":\"https:\\\/\\\/secure.gravatar.com\\\/avatar\\\/71257321272d7c2caea2b42ea370423d556c259de802dfa6e76465ad9664b3eb?s=96&d=mm&r=g\",\"caption\":\"Marta\"},\"url\":\"https:\\\/\\\/customsailingcb.com\\\/ca\\\/author\\\/marta\\\/\"}]}<\/script>\n<!-- \/ Yoast SEO plugin. -->","yoast_head_json":{"title":"Els gestors de les boies de Palafrugell es queixen de \u00abmala planificaci\u00f3\u00bb - Custom sailing CB, Lloguer embarcacions Costa Brava","robots":{"index":"index","follow":"follow","max-snippet":"max-snippet:-1","max-image-preview":"max-image-preview:large","max-video-preview":"max-video-preview:-1"},"canonical":"https:\/\/customsailingcb.com\/ca\/els-gestors-de-les-boies-de-palafrugell-es-queixen-de-mala-planificacio\/","og_locale":"ca_ES","og_type":"article","og_title":"Els gestors de les boies de Palafrugell es queixen de \u00abmala planificaci\u00f3\u00bb - Custom sailing CB, Lloguer embarcacions Costa Brava","og_description":"Les entitats que van guanyar el concurs per gestionar els camps de boies a les platges de Llafranc, Tamariu, Canadell i Portbo-Calau -on hi ha un total de 914 boies- es queixen de &#8220;mala planificaci\u00f3&#8221; municipal quant al compliment de la normativa. Despr\u00e9s que el regidor de Via P\u00fablica de l&#8217;Ajuntament de Palafrugell, Jaume Palah\u00ed, [&hellip;]","og_url":"https:\/\/customsailingcb.com\/ca\/els-gestors-de-les-boies-de-palafrugell-es-queixen-de-mala-planificacio\/","og_site_name":"Custom sailing CB, Lloguer embarcacions Costa Brava","article_publisher":"https:\/\/www.facebook.com\/customsailingcostabrava","article_published_time":"2025-02-19T07:15:23+00:00","og_image":[{"width":1200,"height":675,"url":"https:\/\/customsailingcb.com\/wp-content\/uploads\/2025\/02\/blog_gestores_mala_planificacion.jpg","type":"image\/jpeg"}],"author":"Marta","twitter_card":"summary_large_image","twitter_misc":{"Escrit per":"Marta","Temps estimat de lectura":"2 minuts"},"schema":{"@context":"https:\/\/schema.org","@graph":[{"@type":"Article","@id":"https:\/\/customsailingcb.com\/ca\/els-gestors-de-les-boies-de-palafrugell-es-queixen-de-mala-planificacio\/#article","isPartOf":{"@id":"https:\/\/customsailingcb.com\/ca\/els-gestors-de-les-boies-de-palafrugell-es-queixen-de-mala-planificacio\/"},"author":{"name":"Marta","@id":"https:\/\/customsailingcb.com\/ca\/#\/schema\/person\/c0e9205b006a5bef52718da3e1d5cc22"},"headline":"Els gestors de les boies de Palafrugell es queixen de \u00abmala planificaci\u00f3\u00bb","datePublished":"2025-02-19T07:15:23+00:00","mainEntityOfPage":{"@id":"https:\/\/customsailingcb.com\/ca\/els-gestors-de-les-boies-de-palafrugell-es-queixen-de-mala-planificacio\/"},"wordCount":513,"publisher":{"@id":"https:\/\/customsailingcb.com\/ca\/#organization"},"image":{"@id":"https:\/\/customsailingcb.com\/ca\/els-gestors-de-les-boies-de-palafrugell-es-queixen-de-mala-planificacio\/#primaryimage"},"thumbnailUrl":"https:\/\/customsailingcb.com\/wp-content\/uploads\/2025\/02\/blog_gestores_mala_planificacion.jpg","articleSection":["Blog"],"inLanguage":"ca"},{"@type":"WebPage","@id":"https:\/\/customsailingcb.com\/ca\/els-gestors-de-les-boies-de-palafrugell-es-queixen-de-mala-planificacio\/","url":"https:\/\/customsailingcb.com\/ca\/els-gestors-de-les-boies-de-palafrugell-es-queixen-de-mala-planificacio\/","name":"Els gestors de les boies de Palafrugell es queixen de \u00abmala planificaci\u00f3\u00bb - Custom sailing CB, Lloguer embarcacions Costa Brava","isPartOf":{"@id":"https:\/\/customsailingcb.com\/ca\/#website"},"primaryImageOfPage":{"@id":"https:\/\/customsailingcb.com\/ca\/els-gestors-de-les-boies-de-palafrugell-es-queixen-de-mala-planificacio\/#primaryimage"},"image":{"@id":"https:\/\/customsailingcb.com\/ca\/els-gestors-de-les-boies-de-palafrugell-es-queixen-de-mala-planificacio\/#primaryimage"},"thumbnailUrl":"https:\/\/customsailingcb.com\/wp-content\/uploads\/2025\/02\/blog_gestores_mala_planificacion.jpg","datePublished":"2025-02-19T07:15:23+00:00","breadcrumb":{"@id":"https:\/\/customsailingcb.com\/ca\/els-gestors-de-les-boies-de-palafrugell-es-queixen-de-mala-planificacio\/#breadcrumb"},"inLanguage":"ca","potentialAction":[{"@type":"ReadAction","target":["https:\/\/customsailingcb.com\/ca\/els-gestors-de-les-boies-de-palafrugell-es-queixen-de-mala-planificacio\/"]}]},{"@type":"ImageObject","inLanguage":"ca","@id":"https:\/\/customsailingcb.com\/ca\/els-gestors-de-les-boies-de-palafrugell-es-queixen-de-mala-planificacio\/#primaryimage","url":"https:\/\/customsailingcb.com\/wp-content\/uploads\/2025\/02\/blog_gestores_mala_planificacion.jpg","contentUrl":"https:\/\/customsailingcb.com\/wp-content\/uploads\/2025\/02\/blog_gestores_mala_planificacion.jpg","width":1200,"height":675},{"@type":"BreadcrumbList","@id":"https:\/\/customsailingcb.com\/ca\/els-gestors-de-les-boies-de-palafrugell-es-queixen-de-mala-planificacio\/#breadcrumb","itemListElement":[{"@type":"ListItem","position":1,"name":"Inicio","item":"https:\/\/customsailingcb.com\/ca\/"},{"@type":"ListItem","position":2,"name":"Els gestors de les boies de Palafrugell es queixen de \u00abmala planificaci\u00f3\u00bb"}]},{"@type":"WebSite","@id":"https:\/\/customsailingcb.com\/ca\/#website","url":"https:\/\/customsailingcb.com\/ca\/","name":"Custom Sailing CB","description":"Lloguer embarcacions Costa Brava","publisher":{"@id":"https:\/\/customsailingcb.com\/ca\/#organization"},"alternateName":"CustomSailingCB.com","potentialAction":[{"@type":"SearchAction","target":{"@type":"EntryPoint","urlTemplate":"https:\/\/customsailingcb.com\/ca\/?s={search_term_string}"},"query-input":{"@type":"PropertyValueSpecification","valueRequired":true,"valueName":"search_term_string"}}],"inLanguage":"ca"},{"@type":"Organization","@id":"https:\/\/customsailingcb.com\/ca\/#organization","name":"Custom Sailing CB","alternateName":"Custom Sailing Costa Brava","url":"https:\/\/customsailingcb.com\/ca\/","logo":{"@type":"ImageObject","inLanguage":"ca","@id":"https:\/\/customsailingcb.com\/ca\/#\/schema\/logo\/image\/","url":"https:\/\/www.customsailingcb.com\/wp-content\/uploads\/2025\/01\/Logo_customsailing-scaled.webp","contentUrl":"https:\/\/www.customsailingcb.com\/wp-content\/uploads\/2025\/01\/Logo_customsailing-scaled.webp","width":2560,"height":1085,"caption":"Custom Sailing CB"},"image":{"@id":"https:\/\/customsailingcb.com\/ca\/#\/schema\/logo\/image\/"},"sameAs":["https:\/\/www.facebook.com\/customsailingcostabrava","https:\/\/www.instagram.com\/customsailing\/"]},{"@type":"Person","@id":"https:\/\/customsailingcb.com\/ca\/#\/schema\/person\/c0e9205b006a5bef52718da3e1d5cc22","name":"Marta","image":{"@type":"ImageObject","inLanguage":"ca","@id":"https:\/\/secure.gravatar.com\/avatar\/71257321272d7c2caea2b42ea370423d556c259de802dfa6e76465ad9664b3eb?s=96&d=mm&r=g","url":"https:\/\/secure.gravatar.com\/avatar\/71257321272d7c2caea2b42ea370423d556c259de802dfa6e76465ad9664b3eb?s=96&d=mm&r=g","contentUrl":"https:\/\/secure.gravatar.com\/avatar\/71257321272d7c2caea2b42ea370423d556c259de802dfa6e76465ad9664b3eb?s=96&d=mm&r=g","caption":"Marta"},"url":"https:\/\/customsailingcb.com\/ca\/author\/marta\/"}]}},"_links":{"self":[{"href":"https:\/\/customsailingcb.com\/ca\/wp-json\/wp\/v2\/posts\/3658","targetHints":{"allow":["GET"]}}],"collection":[{"href":"https:\/\/customsailingcb.com\/ca\/wp-json\/wp\/v2\/posts"}],"about":[{"href":"https:\/\/customsailingcb.com\/ca\/wp-json\/wp\/v2\/types\/post"}],"author":[{"embeddable":true,"href":"https:\/\/customsailingcb.com\/ca\/wp-json\/wp\/v2\/users\/2"}],"replies":[{"embeddable":true,"href":"https:\/\/customsailingcb.com\/ca\/wp-json\/wp\/v2\/comments?post=3658"}],"version-history":[{"count":0,"href":"https:\/\/customsailingcb.com\/ca\/wp-json\/wp\/v2\/posts\/3658\/revisions"}],"wp:featuredmedia":[{"embeddable":true,"href":"https:\/\/customsailingcb.com\/ca\/wp-json\/wp\/v2\/media\/2550"}],"wp:attachment":[{"href":"https:\/\/customsailingcb.com\/ca\/wp-json\/wp\/v2\/media?parent=3658"}],"wp:term":[{"taxonomy":"category","embeddable":true,"href":"https:\/\/customsailingcb.com\/ca\/wp-json\/wp\/v2\/categories?post=3658"},{"taxonomy":"post_tag","embeddable":true,"href":"https:\/\/customsailingcb.com\/ca\/wp-json\/wp\/v2\/tags?post=3658"}],"curies":[{"name":"wp","href":"https:\/\/api.w.org\/{rel}","templated":true}]}}