{"id":4494,"date":"2025-04-10T14:13:25","date_gmt":"2025-04-10T14:13:25","guid":{"rendered":"https:\/\/customsailingcb.com\/estrenem-la-temporada-25\/"},"modified":"2026-04-26T09:50:53","modified_gmt":"2026-04-26T09:50:53","slug":"estrenem-la-temporada-25","status":"publish","type":"post","link":"https:\/\/customsailingcb.com\/ca\/estrenem-la-temporada-25\/","title":{"rendered":"Estrenem la temporada &#8217;25"},"content":{"rendered":"&#13;\n<p data-start=\"73\" data-end=\"485\">La primera experi\u00e8ncia Custom de la temporada 2025 arrenca amb una de les embarcacions m\u00e9s elegants de la nostra flota: l\u2019Apreamare. Una sortida que marca l\u2019inici d\u2019un nou any al mar, combinant navegaci\u00f3 tranquil\u00b7la, paisatge mediterrani i moments \u00fanics a bord. Aquest tipus d\u2019experi\u00e8ncies estan pensades per desconnectar, gaudir de l\u2019entorn i viure la Costa Brava des d\u2019una perspectiva privilegiada.<\/p>&#13;\n<p data-start=\"487\" data-end=\"912\">Un dels punts m\u00e9s destacats de la jornada va ser la Banyera de la Russa, un rac\u00f3 espectacular situat al costat de Calella de Palafrugell. Les seves aig\u00fces cristal\u00b7lines, de tons turquesa intensos, creen un aut\u00e8ntic parad\u00eds natural ideal per al bany i la relaxaci\u00f3. Un lloc que sorpr\u00e8n fins i tot a qui ja coneix la zona, i que es converteix en una parada imprescindible en qualsevol sortida en vaixell per aquest tram del litoral.<\/p>&#13;\n&#13;\n<figure class=\"wp-block-video\"><video style=\"aspect-ratio: 848 \/ 480;\" src=\"https:\/\/customsailingcb.com\/wp-content\/uploads\/2025\/04\/WhatsApp-Video-2025-04-10-at-15.28.57.mp4\" controls=\"controls\" width=\"848\" height=\"480\"><\/video><\/figure>&#13;\n","protected":false},"excerpt":{"rendered":"<p>&#13; La primera experi\u00e8ncia Custom de la temporada 2025 arrenca amb una de les embarcacions m\u00e9s elegants de la nostra flota: l\u2019Apreamare. Una sortida que marca l\u2019inici d\u2019un nou any al mar, combinant navegaci\u00f3 tranquil\u00b7la, paisatge mediterrani i moments \u00fanics a bord. Aquest tipus d\u2019experi\u00e8ncies estan pensades per desconnectar, gaudir de l\u2019entorn i viure la [&hellip;]<\/p>\n","protected":false},"author":2,"featured_media":4503,"comment_status":"closed","ping_status":"open","sticky":false,"template":"","format":"standard","meta":{"_acf_changed":false,"site-sidebar-layout":"default","site-content-layout":"","ast-site-content-layout":"default","site-content-style":"default","site-sidebar-style":"default","ast-global-header-display":"","ast-banner-title-visibility":"","ast-main-header-display":"","ast-hfb-above-header-display":"","ast-hfb-below-header-display":"","ast-hfb-mobile-header-display":"","site-post-title":"","ast-breadcrumbs-content":"","ast-featured-img":"","footer-sml-layout":"","ast-disable-related-posts":"","theme-transparent-header-meta":"default","adv-header-id-meta":"","stick-header-meta":"","header-above-stick-meta":"","header-main-stick-meta":"","header-below-stick-meta":"","astra-migrate-meta-layouts":"default","ast-page-background-enabled":"default","ast-page-background-meta":{"desktop":{"background-color":"var(--ast-global-color-5)","background-image":"","background-repeat":"repeat","background-position":"center center","background-size":"auto","background-attachment":"scroll","background-type":"","background-media":"","overlay-type":"","overlay-color":"","overlay-opacity":"","overlay-gradient":""},"tablet":{"background-color":"","background-image":"","background-repeat":"repeat","background-position":"center center","background-size":"auto","background-attachment":"scroll","background-type":"","background-media":"","overlay-type":"","overlay-color":"","overlay-opacity":"","overlay-gradient":""},"mobile":{"background-color":"","background-image":"","background-repeat":"repeat","background-position":"center center","background-size":"auto","background-attachment":"scroll","background-type":"","background-media":"","overlay-type":"","overlay-color":"","overlay-opacity":"","overlay-gradient":""}},"ast-content-background-meta":{"desktop":{"background-color":"var(--ast-global-color-4)","background-image":"","background-repeat":"repeat","background-position":"center center","background-size":"auto","background-attachment":"scroll","background-type":"","background-media":"","overlay-type":"","overlay-color":"","overlay-opacity":"","overlay-gradient":""},"tablet":{"background-color":"var(--ast-global-color-4)","background-image":"","background-repeat":"repeat","background-position":"center center","background-size":"auto","background-attachment":"scroll","background-type":"","background-media":"","overlay-type":"","overlay-color":"","overlay-opacity":"","overlay-gradient":""},"mobile":{"background-color":"var(--ast-global-color-4)","background-image":"","background-repeat":"repeat","background-position":"center center","background-size":"auto","background-attachment":"scroll","background-type":"","background-media":"","overlay-type":"","overlay-color":"","overlay-opacity":"","overlay-gradient":""}},"footnotes":""},"categories":[175],"tags":[],"class_list":["post-4494","post","type-post","status-publish","format-standard","has-post-thumbnail","hentry","category-blog-ca"],"acf":[],"yoast_head":"<!-- This site is optimized with the Yoast SEO plugin v27.4 - https:\/\/yoast.com\/product\/yoast-seo-wordpress\/ -->\n<title>Experi\u00e8ncia Apreamare a la Costa Brava | Banyera de la Russa<\/title>\n<meta name=\"description\" content=\"Primera experi\u00e8ncia de la temporada 2025 amb Apreamare a la Costa Brava. Descobreix la Banyera de la Russa i gaudeix del mar com mai.\" \/>\n<meta name=\"robots\" content=\"index, follow, max-snippet:-1, max-image-preview:large, max-video-preview:-1\" \/>\n<link rel=\"canonical\" href=\"https:\/\/customsailingcb.com\/ca\/estrenem-la-temporada-25\/\" \/>\n<meta property=\"og:locale\" content=\"ca_ES\" \/>\n<meta property=\"og:type\" content=\"article\" \/>\n<meta property=\"og:title\" content=\"Experi\u00e8ncia Apreamare a la Costa Brava | Banyera de la Russa\" \/>\n<meta property=\"og:description\" content=\"Primera experi\u00e8ncia de la temporada 2025 amb Apreamare a la Costa Brava. Descobreix la Banyera de la Russa i gaudeix del mar com mai.\" \/>\n<meta property=\"og:url\" content=\"https:\/\/customsailingcb.com\/ca\/estrenem-la-temporada-25\/\" \/>\n<meta property=\"og:site_name\" content=\"Custom sailing CB, Lloguer embarcacions Costa Brava\" \/>\n<meta property=\"article:publisher\" content=\"https:\/\/www.facebook.com\/customsailingcostabrava\" \/>\n<meta property=\"article:published_time\" content=\"2025-04-10T14:13:25+00:00\" \/>\n<meta property=\"article:modified_time\" content=\"2026-04-26T09:50:53+00:00\" \/>\n<meta property=\"og:image\" content=\"https:\/\/customsailingcb.com\/wp-content\/uploads\/2025\/04\/estreno-2025-scaled.jpeg\" \/>\n\t<meta property=\"og:image:width\" content=\"1920\" \/>\n\t<meta property=\"og:image:height\" content=\"2560\" \/>\n\t<meta property=\"og:image:type\" content=\"image\/jpeg\" \/>\n<meta name=\"author\" content=\"Marta\" \/>\n<meta name=\"twitter:card\" content=\"summary_large_image\" \/>\n<meta name=\"twitter:label1\" content=\"Escrit per\" \/>\n\t<meta name=\"twitter:data1\" content=\"Marta\" \/>\n\t<meta name=\"twitter:label2\" content=\"Temps estimat de lectura\" \/>\n\t<meta name=\"twitter:data2\" content=\"1 minut\" \/>\n<script type=\"application\/ld+json\" class=\"yoast-schema-graph\">{\"@context\":\"https:\\\/\\\/schema.org\",\"@graph\":[{\"@type\":\"Article\",\"@id\":\"https:\\\/\\\/customsailingcb.com\\\/ca\\\/estrenem-la-temporada-25\\\/#article\",\"isPartOf\":{\"@id\":\"https:\\\/\\\/customsailingcb.com\\\/ca\\\/estrenem-la-temporada-25\\\/\"},\"author\":{\"name\":\"Marta\",\"@id\":\"https:\\\/\\\/customsailingcb.com\\\/ca\\\/#\\\/schema\\\/person\\\/c0e9205b006a5bef52718da3e1d5cc22\"},\"headline\":\"Estrenem la temporada &#8217;25\",\"datePublished\":\"2025-04-10T14:13:25+00:00\",\"dateModified\":\"2026-04-26T09:50:53+00:00\",\"mainEntityOfPage\":{\"@id\":\"https:\\\/\\\/customsailingcb.com\\\/ca\\\/estrenem-la-temporada-25\\\/\"},\"wordCount\":154,\"publisher\":{\"@id\":\"https:\\\/\\\/customsailingcb.com\\\/ca\\\/#organization\"},\"image\":{\"@id\":\"https:\\\/\\\/customsailingcb.com\\\/ca\\\/estrenem-la-temporada-25\\\/#primaryimage\"},\"thumbnailUrl\":\"https:\\\/\\\/customsailingcb.com\\\/wp-content\\\/uploads\\\/2025\\\/04\\\/estreno-2025-scaled.jpeg\",\"articleSection\":[\"Blog\"],\"inLanguage\":\"ca\"},{\"@type\":\"WebPage\",\"@id\":\"https:\\\/\\\/customsailingcb.com\\\/ca\\\/estrenem-la-temporada-25\\\/\",\"url\":\"https:\\\/\\\/customsailingcb.com\\\/ca\\\/estrenem-la-temporada-25\\\/\",\"name\":\"Experi\u00e8ncia Apreamare a la Costa Brava | Banyera de la Russa\",\"isPartOf\":{\"@id\":\"https:\\\/\\\/customsailingcb.com\\\/ca\\\/#website\"},\"primaryImageOfPage\":{\"@id\":\"https:\\\/\\\/customsailingcb.com\\\/ca\\\/estrenem-la-temporada-25\\\/#primaryimage\"},\"image\":{\"@id\":\"https:\\\/\\\/customsailingcb.com\\\/ca\\\/estrenem-la-temporada-25\\\/#primaryimage\"},\"thumbnailUrl\":\"https:\\\/\\\/customsailingcb.com\\\/wp-content\\\/uploads\\\/2025\\\/04\\\/estreno-2025-scaled.jpeg\",\"datePublished\":\"2025-04-10T14:13:25+00:00\",\"dateModified\":\"2026-04-26T09:50:53+00:00\",\"description\":\"Primera experi\u00e8ncia de la temporada 2025 amb Apreamare a la Costa Brava. Descobreix la Banyera de la Russa i gaudeix del mar com mai.\",\"breadcrumb\":{\"@id\":\"https:\\\/\\\/customsailingcb.com\\\/ca\\\/estrenem-la-temporada-25\\\/#breadcrumb\"},\"inLanguage\":\"ca\",\"potentialAction\":[{\"@type\":\"ReadAction\",\"target\":[\"https:\\\/\\\/customsailingcb.com\\\/ca\\\/estrenem-la-temporada-25\\\/\"]}]},{\"@type\":\"ImageObject\",\"inLanguage\":\"ca\",\"@id\":\"https:\\\/\\\/customsailingcb.com\\\/ca\\\/estrenem-la-temporada-25\\\/#primaryimage\",\"url\":\"https:\\\/\\\/customsailingcb.com\\\/wp-content\\\/uploads\\\/2025\\\/04\\\/estreno-2025-scaled.jpeg\",\"contentUrl\":\"https:\\\/\\\/customsailingcb.com\\\/wp-content\\\/uploads\\\/2025\\\/04\\\/estreno-2025-scaled.jpeg\",\"width\":1920,\"height\":2560,\"caption\":\"Sortida amb Apreamare a la Banyera de la Russa, al costat de a Calella de Palafrugell\"},{\"@type\":\"BreadcrumbList\",\"@id\":\"https:\\\/\\\/customsailingcb.com\\\/ca\\\/estrenem-la-temporada-25\\\/#breadcrumb\",\"itemListElement\":[{\"@type\":\"ListItem\",\"position\":1,\"name\":\"Inicio\",\"item\":\"https:\\\/\\\/customsailingcb.com\\\/ca\\\/\"},{\"@type\":\"ListItem\",\"position\":2,\"name\":\"Experi\u00e8ncia Apreamare Costa Brava 2025\"}]},{\"@type\":\"WebSite\",\"@id\":\"https:\\\/\\\/customsailingcb.com\\\/ca\\\/#website\",\"url\":\"https:\\\/\\\/customsailingcb.com\\\/ca\\\/\",\"name\":\"Custom Sailing CB\",\"description\":\"Lloguer embarcacions Costa Brava\",\"publisher\":{\"@id\":\"https:\\\/\\\/customsailingcb.com\\\/ca\\\/#organization\"},\"alternateName\":\"CustomSailingCB.com\",\"potentialAction\":[{\"@type\":\"SearchAction\",\"target\":{\"@type\":\"EntryPoint\",\"urlTemplate\":\"https:\\\/\\\/customsailingcb.com\\\/ca\\\/?s={search_term_string}\"},\"query-input\":{\"@type\":\"PropertyValueSpecification\",\"valueRequired\":true,\"valueName\":\"search_term_string\"}}],\"inLanguage\":\"ca\"},{\"@type\":\"Organization\",\"@id\":\"https:\\\/\\\/customsailingcb.com\\\/ca\\\/#organization\",\"name\":\"Custom Sailing CB\",\"alternateName\":\"Custom Sailing Costa Brava\",\"url\":\"https:\\\/\\\/customsailingcb.com\\\/ca\\\/\",\"logo\":{\"@type\":\"ImageObject\",\"inLanguage\":\"ca\",\"@id\":\"https:\\\/\\\/customsailingcb.com\\\/ca\\\/#\\\/schema\\\/logo\\\/image\\\/\",\"url\":\"https:\\\/\\\/www.customsailingcb.com\\\/wp-content\\\/uploads\\\/2025\\\/01\\\/Logo_customsailing-scaled.webp\",\"contentUrl\":\"https:\\\/\\\/www.customsailingcb.com\\\/wp-content\\\/uploads\\\/2025\\\/01\\\/Logo_customsailing-scaled.webp\",\"width\":2560,\"height\":1085,\"caption\":\"Custom Sailing CB\"},\"image\":{\"@id\":\"https:\\\/\\\/customsailingcb.com\\\/ca\\\/#\\\/schema\\\/logo\\\/image\\\/\"},\"sameAs\":[\"https:\\\/\\\/www.facebook.com\\\/customsailingcostabrava\",\"https:\\\/\\\/www.instagram.com\\\/customsailing\\\/\"]},{\"@type\":\"Person\",\"@id\":\"https:\\\/\\\/customsailingcb.com\\\/ca\\\/#\\\/schema\\\/person\\\/c0e9205b006a5bef52718da3e1d5cc22\",\"name\":\"Marta\",\"image\":{\"@type\":\"ImageObject\",\"inLanguage\":\"ca\",\"@id\":\"https:\\\/\\\/secure.gravatar.com\\\/avatar\\\/71257321272d7c2caea2b42ea370423d556c259de802dfa6e76465ad9664b3eb?s=96&d=mm&r=g\",\"url\":\"https:\\\/\\\/secure.gravatar.com\\\/avatar\\\/71257321272d7c2caea2b42ea370423d556c259de802dfa6e76465ad9664b3eb?s=96&d=mm&r=g\",\"contentUrl\":\"https:\\\/\\\/secure.gravatar.com\\\/avatar\\\/71257321272d7c2caea2b42ea370423d556c259de802dfa6e76465ad9664b3eb?s=96&d=mm&r=g\",\"caption\":\"Marta\"},\"url\":\"https:\\\/\\\/customsailingcb.com\\\/ca\\\/author\\\/marta\\\/\"}]}<\/script>\n<!-- \/ Yoast SEO plugin. -->","yoast_head_json":{"title":"Experi\u00e8ncia Apreamare a la Costa Brava | Banyera de la Russa","description":"Primera experi\u00e8ncia de la temporada 2025 amb Apreamare a la Costa Brava. Descobreix la Banyera de la Russa i gaudeix del mar com mai.","robots":{"index":"index","follow":"follow","max-snippet":"max-snippet:-1","max-image-preview":"max-image-preview:large","max-video-preview":"max-video-preview:-1"},"canonical":"https:\/\/customsailingcb.com\/ca\/estrenem-la-temporada-25\/","og_locale":"ca_ES","og_type":"article","og_title":"Experi\u00e8ncia Apreamare a la Costa Brava | Banyera de la Russa","og_description":"Primera experi\u00e8ncia de la temporada 2025 amb Apreamare a la Costa Brava. Descobreix la Banyera de la Russa i gaudeix del mar com mai.","og_url":"https:\/\/customsailingcb.com\/ca\/estrenem-la-temporada-25\/","og_site_name":"Custom sailing CB, Lloguer embarcacions Costa Brava","article_publisher":"https:\/\/www.facebook.com\/customsailingcostabrava","article_published_time":"2025-04-10T14:13:25+00:00","article_modified_time":"2026-04-26T09:50:53+00:00","og_image":[{"width":1920,"height":2560,"url":"https:\/\/customsailingcb.com\/wp-content\/uploads\/2025\/04\/estreno-2025-scaled.jpeg","type":"image\/jpeg"}],"author":"Marta","twitter_card":"summary_large_image","twitter_misc":{"Escrit per":"Marta","Temps estimat de lectura":"1 minut"},"schema":{"@context":"https:\/\/schema.org","@graph":[{"@type":"Article","@id":"https:\/\/customsailingcb.com\/ca\/estrenem-la-temporada-25\/#article","isPartOf":{"@id":"https:\/\/customsailingcb.com\/ca\/estrenem-la-temporada-25\/"},"author":{"name":"Marta","@id":"https:\/\/customsailingcb.com\/ca\/#\/schema\/person\/c0e9205b006a5bef52718da3e1d5cc22"},"headline":"Estrenem la temporada &#8217;25","datePublished":"2025-04-10T14:13:25+00:00","dateModified":"2026-04-26T09:50:53+00:00","mainEntityOfPage":{"@id":"https:\/\/customsailingcb.com\/ca\/estrenem-la-temporada-25\/"},"wordCount":154,"publisher":{"@id":"https:\/\/customsailingcb.com\/ca\/#organization"},"image":{"@id":"https:\/\/customsailingcb.com\/ca\/estrenem-la-temporada-25\/#primaryimage"},"thumbnailUrl":"https:\/\/customsailingcb.com\/wp-content\/uploads\/2025\/04\/estreno-2025-scaled.jpeg","articleSection":["Blog"],"inLanguage":"ca"},{"@type":"WebPage","@id":"https:\/\/customsailingcb.com\/ca\/estrenem-la-temporada-25\/","url":"https:\/\/customsailingcb.com\/ca\/estrenem-la-temporada-25\/","name":"Experi\u00e8ncia Apreamare a la Costa Brava | Banyera de la Russa","isPartOf":{"@id":"https:\/\/customsailingcb.com\/ca\/#website"},"primaryImageOfPage":{"@id":"https:\/\/customsailingcb.com\/ca\/estrenem-la-temporada-25\/#primaryimage"},"image":{"@id":"https:\/\/customsailingcb.com\/ca\/estrenem-la-temporada-25\/#primaryimage"},"thumbnailUrl":"https:\/\/customsailingcb.com\/wp-content\/uploads\/2025\/04\/estreno-2025-scaled.jpeg","datePublished":"2025-04-10T14:13:25+00:00","dateModified":"2026-04-26T09:50:53+00:00","description":"Primera experi\u00e8ncia de la temporada 2025 amb Apreamare a la Costa Brava. Descobreix la Banyera de la Russa i gaudeix del mar com mai.","breadcrumb":{"@id":"https:\/\/customsailingcb.com\/ca\/estrenem-la-temporada-25\/#breadcrumb"},"inLanguage":"ca","potentialAction":[{"@type":"ReadAction","target":["https:\/\/customsailingcb.com\/ca\/estrenem-la-temporada-25\/"]}]},{"@type":"ImageObject","inLanguage":"ca","@id":"https:\/\/customsailingcb.com\/ca\/estrenem-la-temporada-25\/#primaryimage","url":"https:\/\/customsailingcb.com\/wp-content\/uploads\/2025\/04\/estreno-2025-scaled.jpeg","contentUrl":"https:\/\/customsailingcb.com\/wp-content\/uploads\/2025\/04\/estreno-2025-scaled.jpeg","width":1920,"height":2560,"caption":"Sortida amb Apreamare a la Banyera de la Russa, al costat de a Calella de Palafrugell"},{"@type":"BreadcrumbList","@id":"https:\/\/customsailingcb.com\/ca\/estrenem-la-temporada-25\/#breadcrumb","itemListElement":[{"@type":"ListItem","position":1,"name":"Inicio","item":"https:\/\/customsailingcb.com\/ca\/"},{"@type":"ListItem","position":2,"name":"Experi\u00e8ncia Apreamare Costa Brava 2025"}]},{"@type":"WebSite","@id":"https:\/\/customsailingcb.com\/ca\/#website","url":"https:\/\/customsailingcb.com\/ca\/","name":"Custom Sailing CB","description":"Lloguer embarcacions Costa Brava","publisher":{"@id":"https:\/\/customsailingcb.com\/ca\/#organization"},"alternateName":"CustomSailingCB.com","potentialAction":[{"@type":"SearchAction","target":{"@type":"EntryPoint","urlTemplate":"https:\/\/customsailingcb.com\/ca\/?s={search_term_string}"},"query-input":{"@type":"PropertyValueSpecification","valueRequired":true,"valueName":"search_term_string"}}],"inLanguage":"ca"},{"@type":"Organization","@id":"https:\/\/customsailingcb.com\/ca\/#organization","name":"Custom Sailing CB","alternateName":"Custom Sailing Costa Brava","url":"https:\/\/customsailingcb.com\/ca\/","logo":{"@type":"ImageObject","inLanguage":"ca","@id":"https:\/\/customsailingcb.com\/ca\/#\/schema\/logo\/image\/","url":"https:\/\/www.customsailingcb.com\/wp-content\/uploads\/2025\/01\/Logo_customsailing-scaled.webp","contentUrl":"https:\/\/www.customsailingcb.com\/wp-content\/uploads\/2025\/01\/Logo_customsailing-scaled.webp","width":2560,"height":1085,"caption":"Custom Sailing CB"},"image":{"@id":"https:\/\/customsailingcb.com\/ca\/#\/schema\/logo\/image\/"},"sameAs":["https:\/\/www.facebook.com\/customsailingcostabrava","https:\/\/www.instagram.com\/customsailing\/"]},{"@type":"Person","@id":"https:\/\/customsailingcb.com\/ca\/#\/schema\/person\/c0e9205b006a5bef52718da3e1d5cc22","name":"Marta","image":{"@type":"ImageObject","inLanguage":"ca","@id":"https:\/\/secure.gravatar.com\/avatar\/71257321272d7c2caea2b42ea370423d556c259de802dfa6e76465ad9664b3eb?s=96&d=mm&r=g","url":"https:\/\/secure.gravatar.com\/avatar\/71257321272d7c2caea2b42ea370423d556c259de802dfa6e76465ad9664b3eb?s=96&d=mm&r=g","contentUrl":"https:\/\/secure.gravatar.com\/avatar\/71257321272d7c2caea2b42ea370423d556c259de802dfa6e76465ad9664b3eb?s=96&d=mm&r=g","caption":"Marta"},"url":"https:\/\/customsailingcb.com\/ca\/author\/marta\/"}]}},"_links":{"self":[{"href":"https:\/\/customsailingcb.com\/ca\/wp-json\/wp\/v2\/posts\/4494","targetHints":{"allow":["GET"]}}],"collection":[{"href":"https:\/\/customsailingcb.com\/ca\/wp-json\/wp\/v2\/posts"}],"about":[{"href":"https:\/\/customsailingcb.com\/ca\/wp-json\/wp\/v2\/types\/post"}],"author":[{"embeddable":true,"href":"https:\/\/customsailingcb.com\/ca\/wp-json\/wp\/v2\/users\/2"}],"replies":[{"embeddable":true,"href":"https:\/\/customsailingcb.com\/ca\/wp-json\/wp\/v2\/comments?post=4494"}],"version-history":[{"count":2,"href":"https:\/\/customsailingcb.com\/ca\/wp-json\/wp\/v2\/posts\/4494\/revisions"}],"predecessor-version":[{"id":6104,"href":"https:\/\/customsailingcb.com\/ca\/wp-json\/wp\/v2\/posts\/4494\/revisions\/6104"}],"wp:featuredmedia":[{"embeddable":true,"href":"https:\/\/customsailingcb.com\/ca\/wp-json\/wp\/v2\/media\/4503"}],"wp:attachment":[{"href":"https:\/\/customsailingcb.com\/ca\/wp-json\/wp\/v2\/media?parent=4494"}],"wp:term":[{"taxonomy":"category","embeddable":true,"href":"https:\/\/customsailingcb.com\/ca\/wp-json\/wp\/v2\/categories?post=4494"},{"taxonomy":"post_tag","embeddable":true,"href":"https:\/\/customsailingcb.com\/ca\/wp-json\/wp\/v2\/tags?post=4494"}],"curies":[{"name":"wp","href":"https:\/\/api.w.org\/{rel}","templated":true}]}}