{"id":5232,"date":"2025-10-24T17:34:49","date_gmt":"2025-10-24T17:34:49","guid":{"rendered":"https:\/\/customsailingcb.com\/?p=5232"},"modified":"2025-10-24T17:39:27","modified_gmt":"2025-10-24T17:39:27","slug":"lloguer-dembarcacions-a-palamos-descobreix-la-nostra-flota-exclusiva-pel-2026","status":"publish","type":"post","link":"https:\/\/customsailingcb.com\/ca\/lloguer-dembarcacions-a-palamos-descobreix-la-nostra-flota-exclusiva-pel-2026\/","title":{"rendered":"Lloguer d&#8217;embarcacions a Palam\u00f3s: descobreix la nostra flota exclusiva pel 2026"},"content":{"rendered":"\n<p>La nova temporada n\u00e0utica a la <strong>Costa Brava<\/strong> arriba carregada de novetats a <strong>Custom Sailing Costa Brava<\/strong>, i amb ella una oportunitat \u00fanica per gaudir del mar Mediterrani a bord d&#8217;embarcacions exclusives i amb les millors condicions.<\/p>\n\n<p>Si est\u00e0s pensant en llogar un vaixell a Palam\u00f3s per a aquesta temporada, aquest \u00e9s el moment perfecte. La nostra flota s\u00b4amplia amb models de gran confort i disseny, ideals per escapades en parella, grups d\u00b4amics o fam\u00edlies que busquen viure una experi\u00e8ncia n\u00e0utica inoblidable.<\/p>\n\n<h3 class=\"wp-block-heading\">Nova incorporaci\u00f3: INVICTUS CX270 &#8220;Hard Top&#8221;<\/h3>\n\n<p>Ens complau anunciar l&#8217;arribada de la nova <strong>INVICTUS CX270 &#8220;Hard Top&#8221;,<\/strong> una embarcaci\u00f3 elegant, potent i de l\u00ednies esportives, perfecta per als que busquen combinar rendiment i estil en una sola experi\u00e8ncia. El disseny itali\u00e0 ofereix un equilibri ideal entre confort i prestacions, amb un ampli sol\u00e0rium, zones de descans ergon\u00f2miques i un interior pensat per al m\u00e0xim benestar a bord.<\/p>\n\n<p>Amb aquesta incorporaci\u00f3, reforcem la nostra oferta <strong>d&#8217;embarcacions premium per a lloguer a Palam\u00f3s<\/strong>, disponibles tant per a sortides de dia com per a lloguers de diversos dies (consecutius o no) i fins i tot de temporada.<\/p>\n\n<h3 class=\"wp-block-heading\">Reserva anticipada amb avantatges exclusius<\/h3>\n\n<p>Fins al <strong>15 de mar\u00e7 de 2026<\/strong>, oferim <strong>descomptes especials a tots els lloguers de temporada<\/strong>. Reservar amb antelaci\u00f3 et garanteix el millor preu i la possibilitat d&#8217;escollir entre una \u00e0mplia flota de vaixells de vela, motores, embarcacions cl\u00e0ssiques i menorquines t\u00edpiques de l&#8217;estil mediterrani, tots revisats i equipats amb el m\u00e0xim nivell de confort i seguretat.<\/p>\n\n<p>A <strong>Custom Sailing Costa Brava<\/strong>, cada experi\u00e8ncia \u00e9s personalitzada. Ens encarreguem de tots els detalls: patr\u00f3 professional, rutes a mida, gastronomia local a bord i activitats complement\u00e0ries perqu\u00e8 gaudiu del mar com un aut\u00e8ntic navegant de la Costa Brava.<\/p>\n\n<p><strong>Aprofita els descomptes per reserva anticipada i assegura la teva embarcaci\u00f3 per a la temporada 2026<\/strong><\/p>\n\n<p>Contacta&#8217;ns avui i comen\u00e7a a planificar la propera travessia des de Palam\u00f3s.<\/p>\n\n<p><a href=\"https:\/\/customsailingcb.com\/ca\/contacte\/contacte-2\/\">Contacto &#8211; Custom sailing CB, Alquiler embarcaciones Costa Brava<\/a><\/p>\n\n<figure class=\"wp-block-image size-full\"><img fetchpriority=\"high\" decoding=\"async\" width=\"1000\" height=\"650\" src=\"https:\/\/customsailingcb.com\/wp-content\/uploads\/2024\/10\/general2.jpg\" alt=\"\" class=\"wp-image-4742\" srcset=\"https:\/\/customsailingcb.com\/wp-content\/uploads\/2024\/10\/general2.jpg 1000w, https:\/\/customsailingcb.com\/wp-content\/uploads\/2024\/10\/general2-300x195.jpg 300w, https:\/\/customsailingcb.com\/wp-content\/uploads\/2024\/10\/general2-768x499.jpg 768w, https:\/\/customsailingcb.com\/wp-content\/uploads\/2024\/10\/general2-600x390.jpg 600w\" sizes=\"(max-width: 1000px) 100vw, 1000px\" \/><\/figure>\n\n<p>Consulta la nostra flota completa d&#8217;embarcacions i altres serveis relacionats que et poden interessar:<\/p>\n\n<p><a href=\"https:\/\/customsailingcb.com\/ca\/experiencies\/excursions-maritimes\/\">Excursiones mar\u00edtimas &#8211; Custom sailing CB, Alquiler embarcaciones Costa Brava<\/a><\/p>\n\n<p><a href=\"https:\/\/customsailingcb.com\/ca\/Flota\/\">Flota &#8211; Custom sailing CB, Alquiler embarcaciones Costa Brava<\/a><\/p>\n","protected":false},"excerpt":{"rendered":"<p>La nova temporada n\u00e0utica a la Costa Brava arriba carregada de novetats a Custom Sailing Costa Brava, i amb ella una oportunitat \u00fanica per gaudir del mar Mediterrani a bord d&#8217;embarcacions exclusives i amb les millors condicions. Si est\u00e0s pensant en llogar un vaixell a Palam\u00f3s per a aquesta temporada, aquest \u00e9s el moment perfecte. [&hellip;]<\/p>\n","protected":false},"author":2,"featured_media":5226,"comment_status":"closed","ping_status":"open","sticky":false,"template":"","format":"standard","meta":{"_acf_changed":false,"site-sidebar-layout":"default","site-content-layout":"","ast-site-content-layout":"","site-content-style":"default","site-sidebar-style":"default","ast-global-header-display":"","ast-banner-title-visibility":"","ast-main-header-display":"","ast-hfb-above-header-display":"","ast-hfb-below-header-display":"","ast-hfb-mobile-header-display":"","site-post-title":"","ast-breadcrumbs-content":"","ast-featured-img":"","footer-sml-layout":"","ast-disable-related-posts":"","theme-transparent-header-meta":"","adv-header-id-meta":"","stick-header-meta":"","header-above-stick-meta":"","header-main-stick-meta":"","header-below-stick-meta":"","astra-migrate-meta-layouts":"default","ast-page-background-enabled":"default","ast-page-background-meta":{"desktop":{"background-color":"var(--ast-global-color-5)","background-image":"","background-repeat":"repeat","background-position":"center center","background-size":"auto","background-attachment":"scroll","background-type":"","background-media":"","overlay-type":"","overlay-color":"","overlay-opacity":"","overlay-gradient":""},"tablet":{"background-color":"","background-image":"","background-repeat":"repeat","background-position":"center center","background-size":"auto","background-attachment":"scroll","background-type":"","background-media":"","overlay-type":"","overlay-color":"","overlay-opacity":"","overlay-gradient":""},"mobile":{"background-color":"","background-image":"","background-repeat":"repeat","background-position":"center center","background-size":"auto","background-attachment":"scroll","background-type":"","background-media":"","overlay-type":"","overlay-color":"","overlay-opacity":"","overlay-gradient":""}},"ast-content-background-meta":{"desktop":{"background-color":"var(--ast-global-color-4)","background-image":"","background-repeat":"repeat","background-position":"center center","background-size":"auto","background-attachment":"scroll","background-type":"","background-media":"","overlay-type":"","overlay-color":"","overlay-opacity":"","overlay-gradient":""},"tablet":{"background-color":"var(--ast-global-color-4)","background-image":"","background-repeat":"repeat","background-position":"center center","background-size":"auto","background-attachment":"scroll","background-type":"","background-media":"","overlay-type":"","overlay-color":"","overlay-opacity":"","overlay-gradient":""},"mobile":{"background-color":"var(--ast-global-color-4)","background-image":"","background-repeat":"repeat","background-position":"center center","background-size":"auto","background-attachment":"scroll","background-type":"","background-media":"","overlay-type":"","overlay-color":"","overlay-opacity":"","overlay-gradient":""}},"footnotes":""},"categories":[175],"tags":[],"class_list":["post-5232","post","type-post","status-publish","format-standard","has-post-thumbnail","hentry","category-blog-ca"],"acf":[],"yoast_head":"<!-- This site is optimized with the Yoast SEO plugin v27.4 - https:\/\/yoast.com\/product\/yoast-seo-wordpress\/ -->\n<title>Lloguer d&#039;embarcaciones a Palam\u00f3s | Flota exclusiva 2026 \u2013 Custom Sailing Costa Brava<\/title>\n<meta name=\"description\" content=\"Descobreix el millor servei de lloguer d&#039;embarcacions a Palam\u00f3s amb Custom Sailing Costa Brava. Flota exclusiva, nova INVICTUS CX270 &quot;Hard Top&quot; i descomptes per reserva anticipada fins el 15\/03\/2026.\" \/>\n<meta name=\"robots\" content=\"index, follow, max-snippet:-1, max-image-preview:large, max-video-preview:-1\" \/>\n<link rel=\"canonical\" href=\"https:\/\/customsailingcb.com\/ca\/lloguer-dembarcacions-a-palamos-descobreix-la-nostra-flota-exclusiva-pel-2026\/\" \/>\n<meta property=\"og:locale\" content=\"ca_ES\" \/>\n<meta property=\"og:type\" content=\"article\" \/>\n<meta property=\"og:title\" content=\"Lloguer d&#039;embarcaciones a Palam\u00f3s | Flota exclusiva 2026 \u2013 Custom Sailing Costa Brava\" \/>\n<meta property=\"og:description\" content=\"Descobreix el millor servei de lloguer d&#039;embarcacions a Palam\u00f3s amb Custom Sailing Costa Brava. Flota exclusiva, nova INVICTUS CX270 &quot;Hard Top&quot; i descomptes per reserva anticipada fins el 15\/03\/2026.\" \/>\n<meta property=\"og:url\" content=\"https:\/\/customsailingcb.com\/ca\/lloguer-dembarcacions-a-palamos-descobreix-la-nostra-flota-exclusiva-pel-2026\/\" \/>\n<meta property=\"og:site_name\" content=\"Custom sailing CB, Lloguer embarcacions Costa Brava\" \/>\n<meta property=\"article:publisher\" content=\"https:\/\/www.facebook.com\/customsailingcostabrava\" \/>\n<meta property=\"article:published_time\" content=\"2025-10-24T17:34:49+00:00\" \/>\n<meta property=\"article:modified_time\" content=\"2025-10-24T17:39:27+00:00\" \/>\n<meta property=\"og:image\" content=\"https:\/\/customsailingcb.com\/wp-content\/uploads\/2025\/10\/WhatsApp-Image-2025-09-25-at-17.32.14.jpeg\" \/>\n\t<meta property=\"og:image:width\" content=\"1883\" \/>\n\t<meta property=\"og:image:height\" content=\"1070\" \/>\n\t<meta property=\"og:image:type\" content=\"image\/jpeg\" \/>\n<meta name=\"author\" content=\"Marta\" \/>\n<meta name=\"twitter:card\" content=\"summary_large_image\" \/>\n<meta name=\"twitter:label1\" content=\"Escrit per\" \/>\n\t<meta name=\"twitter:data1\" content=\"Marta\" \/>\n\t<meta name=\"twitter:label2\" content=\"Temps estimat de lectura\" \/>\n\t<meta name=\"twitter:data2\" content=\"2 minuts\" \/>\n<script type=\"application\/ld+json\" class=\"yoast-schema-graph\">{\"@context\":\"https:\\\/\\\/schema.org\",\"@graph\":[{\"@type\":\"Article\",\"@id\":\"https:\\\/\\\/customsailingcb.com\\\/ca\\\/lloguer-dembarcacions-a-palamos-descobreix-la-nostra-flota-exclusiva-pel-2026\\\/#article\",\"isPartOf\":{\"@id\":\"https:\\\/\\\/customsailingcb.com\\\/ca\\\/lloguer-dembarcacions-a-palamos-descobreix-la-nostra-flota-exclusiva-pel-2026\\\/\"},\"author\":{\"name\":\"Marta\",\"@id\":\"https:\\\/\\\/customsailingcb.com\\\/ca\\\/#\\\/schema\\\/person\\\/c0e9205b006a5bef52718da3e1d5cc22\"},\"headline\":\"Lloguer d&#8217;embarcacions a Palam\u00f3s: descobreix la nostra flota exclusiva pel 2026\",\"datePublished\":\"2025-10-24T17:34:49+00:00\",\"dateModified\":\"2025-10-24T17:39:27+00:00\",\"mainEntityOfPage\":{\"@id\":\"https:\\\/\\\/customsailingcb.com\\\/ca\\\/lloguer-dembarcacions-a-palamos-descobreix-la-nostra-flota-exclusiva-pel-2026\\\/\"},\"wordCount\":396,\"publisher\":{\"@id\":\"https:\\\/\\\/customsailingcb.com\\\/ca\\\/#organization\"},\"image\":{\"@id\":\"https:\\\/\\\/customsailingcb.com\\\/ca\\\/lloguer-dembarcacions-a-palamos-descobreix-la-nostra-flota-exclusiva-pel-2026\\\/#primaryimage\"},\"thumbnailUrl\":\"https:\\\/\\\/customsailingcb.com\\\/wp-content\\\/uploads\\\/2025\\\/10\\\/WhatsApp-Image-2025-09-25-at-17.32.14.jpeg\",\"articleSection\":[\"Blog\"],\"inLanguage\":\"ca\"},{\"@type\":\"WebPage\",\"@id\":\"https:\\\/\\\/customsailingcb.com\\\/ca\\\/lloguer-dembarcacions-a-palamos-descobreix-la-nostra-flota-exclusiva-pel-2026\\\/\",\"url\":\"https:\\\/\\\/customsailingcb.com\\\/ca\\\/lloguer-dembarcacions-a-palamos-descobreix-la-nostra-flota-exclusiva-pel-2026\\\/\",\"name\":\"Lloguer d'embarcaciones a Palam\u00f3s | Flota exclusiva 2026 \u2013 Custom Sailing Costa Brava\",\"isPartOf\":{\"@id\":\"https:\\\/\\\/customsailingcb.com\\\/ca\\\/#website\"},\"primaryImageOfPage\":{\"@id\":\"https:\\\/\\\/customsailingcb.com\\\/ca\\\/lloguer-dembarcacions-a-palamos-descobreix-la-nostra-flota-exclusiva-pel-2026\\\/#primaryimage\"},\"image\":{\"@id\":\"https:\\\/\\\/customsailingcb.com\\\/ca\\\/lloguer-dembarcacions-a-palamos-descobreix-la-nostra-flota-exclusiva-pel-2026\\\/#primaryimage\"},\"thumbnailUrl\":\"https:\\\/\\\/customsailingcb.com\\\/wp-content\\\/uploads\\\/2025\\\/10\\\/WhatsApp-Image-2025-09-25-at-17.32.14.jpeg\",\"datePublished\":\"2025-10-24T17:34:49+00:00\",\"dateModified\":\"2025-10-24T17:39:27+00:00\",\"description\":\"Descobreix el millor servei de lloguer d'embarcacions a Palam\u00f3s amb Custom Sailing Costa Brava. Flota exclusiva, nova INVICTUS CX270 \\\"Hard Top\\\" i descomptes per reserva anticipada fins el 15\\\/03\\\/2026.\",\"breadcrumb\":{\"@id\":\"https:\\\/\\\/customsailingcb.com\\\/ca\\\/lloguer-dembarcacions-a-palamos-descobreix-la-nostra-flota-exclusiva-pel-2026\\\/#breadcrumb\"},\"inLanguage\":\"ca\",\"potentialAction\":[{\"@type\":\"ReadAction\",\"target\":[\"https:\\\/\\\/customsailingcb.com\\\/ca\\\/lloguer-dembarcacions-a-palamos-descobreix-la-nostra-flota-exclusiva-pel-2026\\\/\"]}]},{\"@type\":\"ImageObject\",\"inLanguage\":\"ca\",\"@id\":\"https:\\\/\\\/customsailingcb.com\\\/ca\\\/lloguer-dembarcacions-a-palamos-descobreix-la-nostra-flota-exclusiva-pel-2026\\\/#primaryimage\",\"url\":\"https:\\\/\\\/customsailingcb.com\\\/wp-content\\\/uploads\\\/2025\\\/10\\\/WhatsApp-Image-2025-09-25-at-17.32.14.jpeg\",\"contentUrl\":\"https:\\\/\\\/customsailingcb.com\\\/wp-content\\\/uploads\\\/2025\\\/10\\\/WhatsApp-Image-2025-09-25-at-17.32.14.jpeg\",\"width\":1883,\"height\":1070},{\"@type\":\"BreadcrumbList\",\"@id\":\"https:\\\/\\\/customsailingcb.com\\\/ca\\\/lloguer-dembarcacions-a-palamos-descobreix-la-nostra-flota-exclusiva-pel-2026\\\/#breadcrumb\",\"itemListElement\":[{\"@type\":\"ListItem\",\"position\":1,\"name\":\"Inicio\",\"item\":\"https:\\\/\\\/customsailingcb.com\\\/ca\\\/\"},{\"@type\":\"ListItem\",\"position\":2,\"name\":\"Lloguer d&#8217;embarcacions a Palam\u00f3s: descobreix la nostra flota exclusiva pel 2026\"}]},{\"@type\":\"WebSite\",\"@id\":\"https:\\\/\\\/customsailingcb.com\\\/ca\\\/#website\",\"url\":\"https:\\\/\\\/customsailingcb.com\\\/ca\\\/\",\"name\":\"Custom Sailing CB\",\"description\":\"Lloguer embarcacions Costa Brava\",\"publisher\":{\"@id\":\"https:\\\/\\\/customsailingcb.com\\\/ca\\\/#organization\"},\"alternateName\":\"CustomSailingCB.com\",\"potentialAction\":[{\"@type\":\"SearchAction\",\"target\":{\"@type\":\"EntryPoint\",\"urlTemplate\":\"https:\\\/\\\/customsailingcb.com\\\/ca\\\/?s={search_term_string}\"},\"query-input\":{\"@type\":\"PropertyValueSpecification\",\"valueRequired\":true,\"valueName\":\"search_term_string\"}}],\"inLanguage\":\"ca\"},{\"@type\":\"Organization\",\"@id\":\"https:\\\/\\\/customsailingcb.com\\\/ca\\\/#organization\",\"name\":\"Custom Sailing CB\",\"alternateName\":\"Custom Sailing Costa Brava\",\"url\":\"https:\\\/\\\/customsailingcb.com\\\/ca\\\/\",\"logo\":{\"@type\":\"ImageObject\",\"inLanguage\":\"ca\",\"@id\":\"https:\\\/\\\/customsailingcb.com\\\/ca\\\/#\\\/schema\\\/logo\\\/image\\\/\",\"url\":\"https:\\\/\\\/www.customsailingcb.com\\\/wp-content\\\/uploads\\\/2025\\\/01\\\/Logo_customsailing-scaled.webp\",\"contentUrl\":\"https:\\\/\\\/www.customsailingcb.com\\\/wp-content\\\/uploads\\\/2025\\\/01\\\/Logo_customsailing-scaled.webp\",\"width\":2560,\"height\":1085,\"caption\":\"Custom Sailing CB\"},\"image\":{\"@id\":\"https:\\\/\\\/customsailingcb.com\\\/ca\\\/#\\\/schema\\\/logo\\\/image\\\/\"},\"sameAs\":[\"https:\\\/\\\/www.facebook.com\\\/customsailingcostabrava\",\"https:\\\/\\\/www.instagram.com\\\/customsailing\\\/\"]},{\"@type\":\"Person\",\"@id\":\"https:\\\/\\\/customsailingcb.com\\\/ca\\\/#\\\/schema\\\/person\\\/c0e9205b006a5bef52718da3e1d5cc22\",\"name\":\"Marta\",\"image\":{\"@type\":\"ImageObject\",\"inLanguage\":\"ca\",\"@id\":\"https:\\\/\\\/secure.gravatar.com\\\/avatar\\\/71257321272d7c2caea2b42ea370423d556c259de802dfa6e76465ad9664b3eb?s=96&d=mm&r=g\",\"url\":\"https:\\\/\\\/secure.gravatar.com\\\/avatar\\\/71257321272d7c2caea2b42ea370423d556c259de802dfa6e76465ad9664b3eb?s=96&d=mm&r=g\",\"contentUrl\":\"https:\\\/\\\/secure.gravatar.com\\\/avatar\\\/71257321272d7c2caea2b42ea370423d556c259de802dfa6e76465ad9664b3eb?s=96&d=mm&r=g\",\"caption\":\"Marta\"},\"url\":\"https:\\\/\\\/customsailingcb.com\\\/ca\\\/author\\\/marta\\\/\"}]}<\/script>\n<!-- \/ Yoast SEO plugin. -->","yoast_head_json":{"title":"Lloguer d'embarcaciones a Palam\u00f3s | Flota exclusiva 2026 \u2013 Custom Sailing Costa Brava","description":"Descobreix el millor servei de lloguer d'embarcacions a Palam\u00f3s amb Custom Sailing Costa Brava. Flota exclusiva, nova INVICTUS CX270 \"Hard Top\" i descomptes per reserva anticipada fins el 15\/03\/2026.","robots":{"index":"index","follow":"follow","max-snippet":"max-snippet:-1","max-image-preview":"max-image-preview:large","max-video-preview":"max-video-preview:-1"},"canonical":"https:\/\/customsailingcb.com\/ca\/lloguer-dembarcacions-a-palamos-descobreix-la-nostra-flota-exclusiva-pel-2026\/","og_locale":"ca_ES","og_type":"article","og_title":"Lloguer d'embarcaciones a Palam\u00f3s | Flota exclusiva 2026 \u2013 Custom Sailing Costa Brava","og_description":"Descobreix el millor servei de lloguer d'embarcacions a Palam\u00f3s amb Custom Sailing Costa Brava. Flota exclusiva, nova INVICTUS CX270 \"Hard Top\" i descomptes per reserva anticipada fins el 15\/03\/2026.","og_url":"https:\/\/customsailingcb.com\/ca\/lloguer-dembarcacions-a-palamos-descobreix-la-nostra-flota-exclusiva-pel-2026\/","og_site_name":"Custom sailing CB, Lloguer embarcacions Costa Brava","article_publisher":"https:\/\/www.facebook.com\/customsailingcostabrava","article_published_time":"2025-10-24T17:34:49+00:00","article_modified_time":"2025-10-24T17:39:27+00:00","og_image":[{"width":1883,"height":1070,"url":"https:\/\/customsailingcb.com\/wp-content\/uploads\/2025\/10\/WhatsApp-Image-2025-09-25-at-17.32.14.jpeg","type":"image\/jpeg"}],"author":"Marta","twitter_card":"summary_large_image","twitter_misc":{"Escrit per":"Marta","Temps estimat de lectura":"2 minuts"},"schema":{"@context":"https:\/\/schema.org","@graph":[{"@type":"Article","@id":"https:\/\/customsailingcb.com\/ca\/lloguer-dembarcacions-a-palamos-descobreix-la-nostra-flota-exclusiva-pel-2026\/#article","isPartOf":{"@id":"https:\/\/customsailingcb.com\/ca\/lloguer-dembarcacions-a-palamos-descobreix-la-nostra-flota-exclusiva-pel-2026\/"},"author":{"name":"Marta","@id":"https:\/\/customsailingcb.com\/ca\/#\/schema\/person\/c0e9205b006a5bef52718da3e1d5cc22"},"headline":"Lloguer d&#8217;embarcacions a Palam\u00f3s: descobreix la nostra flota exclusiva pel 2026","datePublished":"2025-10-24T17:34:49+00:00","dateModified":"2025-10-24T17:39:27+00:00","mainEntityOfPage":{"@id":"https:\/\/customsailingcb.com\/ca\/lloguer-dembarcacions-a-palamos-descobreix-la-nostra-flota-exclusiva-pel-2026\/"},"wordCount":396,"publisher":{"@id":"https:\/\/customsailingcb.com\/ca\/#organization"},"image":{"@id":"https:\/\/customsailingcb.com\/ca\/lloguer-dembarcacions-a-palamos-descobreix-la-nostra-flota-exclusiva-pel-2026\/#primaryimage"},"thumbnailUrl":"https:\/\/customsailingcb.com\/wp-content\/uploads\/2025\/10\/WhatsApp-Image-2025-09-25-at-17.32.14.jpeg","articleSection":["Blog"],"inLanguage":"ca"},{"@type":"WebPage","@id":"https:\/\/customsailingcb.com\/ca\/lloguer-dembarcacions-a-palamos-descobreix-la-nostra-flota-exclusiva-pel-2026\/","url":"https:\/\/customsailingcb.com\/ca\/lloguer-dembarcacions-a-palamos-descobreix-la-nostra-flota-exclusiva-pel-2026\/","name":"Lloguer d'embarcaciones a Palam\u00f3s | Flota exclusiva 2026 \u2013 Custom Sailing Costa Brava","isPartOf":{"@id":"https:\/\/customsailingcb.com\/ca\/#website"},"primaryImageOfPage":{"@id":"https:\/\/customsailingcb.com\/ca\/lloguer-dembarcacions-a-palamos-descobreix-la-nostra-flota-exclusiva-pel-2026\/#primaryimage"},"image":{"@id":"https:\/\/customsailingcb.com\/ca\/lloguer-dembarcacions-a-palamos-descobreix-la-nostra-flota-exclusiva-pel-2026\/#primaryimage"},"thumbnailUrl":"https:\/\/customsailingcb.com\/wp-content\/uploads\/2025\/10\/WhatsApp-Image-2025-09-25-at-17.32.14.jpeg","datePublished":"2025-10-24T17:34:49+00:00","dateModified":"2025-10-24T17:39:27+00:00","description":"Descobreix el millor servei de lloguer d'embarcacions a Palam\u00f3s amb Custom Sailing Costa Brava. Flota exclusiva, nova INVICTUS CX270 \"Hard Top\" i descomptes per reserva anticipada fins el 15\/03\/2026.","breadcrumb":{"@id":"https:\/\/customsailingcb.com\/ca\/lloguer-dembarcacions-a-palamos-descobreix-la-nostra-flota-exclusiva-pel-2026\/#breadcrumb"},"inLanguage":"ca","potentialAction":[{"@type":"ReadAction","target":["https:\/\/customsailingcb.com\/ca\/lloguer-dembarcacions-a-palamos-descobreix-la-nostra-flota-exclusiva-pel-2026\/"]}]},{"@type":"ImageObject","inLanguage":"ca","@id":"https:\/\/customsailingcb.com\/ca\/lloguer-dembarcacions-a-palamos-descobreix-la-nostra-flota-exclusiva-pel-2026\/#primaryimage","url":"https:\/\/customsailingcb.com\/wp-content\/uploads\/2025\/10\/WhatsApp-Image-2025-09-25-at-17.32.14.jpeg","contentUrl":"https:\/\/customsailingcb.com\/wp-content\/uploads\/2025\/10\/WhatsApp-Image-2025-09-25-at-17.32.14.jpeg","width":1883,"height":1070},{"@type":"BreadcrumbList","@id":"https:\/\/customsailingcb.com\/ca\/lloguer-dembarcacions-a-palamos-descobreix-la-nostra-flota-exclusiva-pel-2026\/#breadcrumb","itemListElement":[{"@type":"ListItem","position":1,"name":"Inicio","item":"https:\/\/customsailingcb.com\/ca\/"},{"@type":"ListItem","position":2,"name":"Lloguer d&#8217;embarcacions a Palam\u00f3s: descobreix la nostra flota exclusiva pel 2026"}]},{"@type":"WebSite","@id":"https:\/\/customsailingcb.com\/ca\/#website","url":"https:\/\/customsailingcb.com\/ca\/","name":"Custom Sailing CB","description":"Lloguer embarcacions Costa Brava","publisher":{"@id":"https:\/\/customsailingcb.com\/ca\/#organization"},"alternateName":"CustomSailingCB.com","potentialAction":[{"@type":"SearchAction","target":{"@type":"EntryPoint","urlTemplate":"https:\/\/customsailingcb.com\/ca\/?s={search_term_string}"},"query-input":{"@type":"PropertyValueSpecification","valueRequired":true,"valueName":"search_term_string"}}],"inLanguage":"ca"},{"@type":"Organization","@id":"https:\/\/customsailingcb.com\/ca\/#organization","name":"Custom Sailing CB","alternateName":"Custom Sailing Costa Brava","url":"https:\/\/customsailingcb.com\/ca\/","logo":{"@type":"ImageObject","inLanguage":"ca","@id":"https:\/\/customsailingcb.com\/ca\/#\/schema\/logo\/image\/","url":"https:\/\/www.customsailingcb.com\/wp-content\/uploads\/2025\/01\/Logo_customsailing-scaled.webp","contentUrl":"https:\/\/www.customsailingcb.com\/wp-content\/uploads\/2025\/01\/Logo_customsailing-scaled.webp","width":2560,"height":1085,"caption":"Custom Sailing CB"},"image":{"@id":"https:\/\/customsailingcb.com\/ca\/#\/schema\/logo\/image\/"},"sameAs":["https:\/\/www.facebook.com\/customsailingcostabrava","https:\/\/www.instagram.com\/customsailing\/"]},{"@type":"Person","@id":"https:\/\/customsailingcb.com\/ca\/#\/schema\/person\/c0e9205b006a5bef52718da3e1d5cc22","name":"Marta","image":{"@type":"ImageObject","inLanguage":"ca","@id":"https:\/\/secure.gravatar.com\/avatar\/71257321272d7c2caea2b42ea370423d556c259de802dfa6e76465ad9664b3eb?s=96&d=mm&r=g","url":"https:\/\/secure.gravatar.com\/avatar\/71257321272d7c2caea2b42ea370423d556c259de802dfa6e76465ad9664b3eb?s=96&d=mm&r=g","contentUrl":"https:\/\/secure.gravatar.com\/avatar\/71257321272d7c2caea2b42ea370423d556c259de802dfa6e76465ad9664b3eb?s=96&d=mm&r=g","caption":"Marta"},"url":"https:\/\/customsailingcb.com\/ca\/author\/marta\/"}]}},"_links":{"self":[{"href":"https:\/\/customsailingcb.com\/ca\/wp-json\/wp\/v2\/posts\/5232","targetHints":{"allow":["GET"]}}],"collection":[{"href":"https:\/\/customsailingcb.com\/ca\/wp-json\/wp\/v2\/posts"}],"about":[{"href":"https:\/\/customsailingcb.com\/ca\/wp-json\/wp\/v2\/types\/post"}],"author":[{"embeddable":true,"href":"https:\/\/customsailingcb.com\/ca\/wp-json\/wp\/v2\/users\/2"}],"replies":[{"embeddable":true,"href":"https:\/\/customsailingcb.com\/ca\/wp-json\/wp\/v2\/comments?post=5232"}],"version-history":[{"count":0,"href":"https:\/\/customsailingcb.com\/ca\/wp-json\/wp\/v2\/posts\/5232\/revisions"}],"wp:featuredmedia":[{"embeddable":true,"href":"https:\/\/customsailingcb.com\/ca\/wp-json\/wp\/v2\/media\/5226"}],"wp:attachment":[{"href":"https:\/\/customsailingcb.com\/ca\/wp-json\/wp\/v2\/media?parent=5232"}],"wp:term":[{"taxonomy":"category","embeddable":true,"href":"https:\/\/customsailingcb.com\/ca\/wp-json\/wp\/v2\/categories?post=5232"},{"taxonomy":"post_tag","embeddable":true,"href":"https:\/\/customsailingcb.com\/ca\/wp-json\/wp\/v2\/tags?post=5232"}],"curies":[{"name":"wp","href":"https:\/\/api.w.org\/{rel}","templated":true}]}}