{"id":5269,"date":"2025-11-07T16:05:13","date_gmt":"2025-11-07T16:05:13","guid":{"rendered":"https:\/\/customsailingcb.com\/?p=5269"},"modified":"2025-11-07T16:05:18","modified_gmt":"2025-11-07T16:05:18","slug":"rutes-familiars-amb-vaixell-per-la-costa-brava-des-de-palamos-fins-a-calella-de-palafrugell","status":"publish","type":"post","link":"https:\/\/customsailingcb.com\/ca\/rutes-familiars-amb-vaixell-per-la-costa-brava-des-de-palamos-fins-a-calella-de-palafrugell\/","title":{"rendered":"Rutes familiars amb vaixell per la Costa Brava: des de Palam\u00f3s fins a Calella de Palafrugell"},"content":{"rendered":"\n<p>Descobrir la Costa Brava des del mar \u00e9s una experi\u00e8ncia \u00fanica per a fam\u00edlies que volen gaudir de natura, tranquil\u00b7litat i cultura al costat del Mediterrani. Des de <strong>Palam\u00f3s fins a Calella de Palafrugell<\/strong>, la costa ofereix cales amagades, penya-segats de color vermell\u00f3s, aig\u00fces cristal\u00b7lines i petites hist\u00f2ries que donen vida a aquest litoral ple de mem\u00f2ria marinera.<\/p>\n\n<p>A <strong>Custom Sailing Costa Brava<\/strong> organitzem rutes familiars en embarcacions c\u00f2modes i segures, amb patrons que coneixen cada rac\u00f3, cada corrent mar\u00ed i cada llegenda local.<\/p>\n\n<p>A continuaci\u00f3 us proposem una ruta lleugera, ideal per a nens i adults, perfecta per a un mat\u00ed o tarda de navegaci\u00f3 relaxada.<\/p>\n\n<hr class=\"wp-block-separator has-alpha-channel-opacity\"\/>\n\n<h2 class=\"wp-block-heading\"><strong>1. Sortida des de Palam\u00f3s<\/strong><\/h2>\n\n<p>El port de Palam\u00f3s \u00e9s el punt de partida ideal: f\u00e0cil acc\u00e9s, ambient mariner tradicional i un paisatge que combina hist\u00f2ria, gastronomia i vida mediterr\u00e0nia.<\/p>\n\n<p>Molt a prop trobem la <strong>platja del Castell<\/strong>, on hi ha el <strong>poblat ib\u00e8ric del Castell<\/strong>, un assentament amb m\u00e9s de 2.000 anys d&#8217;hist\u00f2ria, a dalt d&#8217;un promontori amb vistes al mar.<\/p>\n\n<hr class=\"wp-block-separator has-alpha-channel-opacity\"\/>\n\n<h2 class=\"wp-block-heading\"><strong>2. Cala S\u2019Alguer: la postal m\u00e9s aut\u00e8ntica<\/strong><\/h2>\n\n<p>A pocs minuts navegant apareix un dels racons m\u00e9s fotografiats de la Costa Brava: <strong>Cala S\u2019Alguer<\/strong>.<\/p>\n\n<p>Les casetes de pescadors mantenen l&#8217;ess\u00e8ncia de l&#8217;antic m\u00f3n mariner: vida senzilla, barques de fusta i calma absoluta.<\/p>\n\n<figure class=\"wp-block-image size-large is-resized\"><img fetchpriority=\"high\" decoding=\"async\" width=\"1024\" height=\"576\" src=\"https:\/\/customsailingcb.com\/wp-content\/uploads\/2025\/11\/cala-salguer-custom-sailing-1024x576.jpg\" alt=\"Ruta amb vaixell familiar per Cala S&#x2019;Alguer &#x2013; Custom Sailing Costa Brava\" class=\"wp-image-5251\" style=\"width:1200px;height:auto\" srcset=\"https:\/\/customsailingcb.com\/wp-content\/uploads\/2025\/11\/cala-salguer-custom-sailing-1024x576.jpg 1024w, https:\/\/customsailingcb.com\/wp-content\/uploads\/2025\/11\/cala-salguer-custom-sailing-300x169.jpg 300w, https:\/\/customsailingcb.com\/wp-content\/uploads\/2025\/11\/cala-salguer-custom-sailing-768x432.jpg 768w, https:\/\/customsailingcb.com\/wp-content\/uploads\/2025\/11\/cala-salguer-custom-sailing-1536x864.jpg 1536w, https:\/\/customsailingcb.com\/wp-content\/uploads\/2025\/11\/cala-salguer-custom-sailing-2048x1152.jpg 2048w, https:\/\/customsailingcb.com\/wp-content\/uploads\/2025\/11\/cala-salguer-custom-sailing-600x338.jpg 600w\" sizes=\"(max-width: 1024px) 100vw, 1024px\" \/><\/figure>\n\n<hr class=\"wp-block-separator has-alpha-channel-opacity\"\/>\n\n<h2 class=\"wp-block-heading\"><strong>3. La Banyera de la Russa (Cala Massoni): naturalesa i eleg\u00e0ncia<\/strong><\/h2>\n\n<p>Just abans d\u00b4arribar a Cap Roig trobem <strong>Cala Massoni<\/strong>, coneguda popularment com <em>la banyera de la russa<\/em>. La hist\u00f2ria explica que <strong>Dorothy Webster<\/strong>, arist\u00f2crata brit\u00e0nica, utilitzava aquesta piscina natural per banyar-se durant els anys en qu\u00e8 ella i el seu marit, <strong>Nicholas Woevodsky<\/strong>, van construir els jardins i el castell de <strong>Cap Roig<\/strong>.<\/p>\n\n<p>Diuen que els pescadors observaven de lluny la seva eleg\u00e0ncia\u2026 i que es banyava sense vestit de bany. Una llegenda que encara fa somriure els locals.<\/p>\n\n<hr class=\"wp-block-separator has-alpha-channel-opacity\"\/>\n\n<figure class=\"wp-block-image size-large\"><img decoding=\"async\" width=\"768\" height=\"1024\" src=\"https:\/\/customsailingcb.com\/wp-content\/uploads\/2025\/11\/banyera-russa-ruta-barco-768x1024.jpeg\" alt=\"Excursi&#xF3; amb vaixell a la Banyera de la Russa &#x2013; Costa Brava\" class=\"wp-image-5255\" style=\"aspect-ratio:4\/3;object-fit:cover\" srcset=\"https:\/\/customsailingcb.com\/wp-content\/uploads\/2025\/11\/banyera-russa-ruta-barco-768x1024.jpeg 768w, https:\/\/customsailingcb.com\/wp-content\/uploads\/2025\/11\/banyera-russa-ruta-barco-225x300.jpeg 225w, https:\/\/customsailingcb.com\/wp-content\/uploads\/2025\/11\/banyera-russa-ruta-barco-1152x1536.jpeg 1152w, https:\/\/customsailingcb.com\/wp-content\/uploads\/2025\/11\/banyera-russa-ruta-barco-600x800.jpeg 600w, https:\/\/customsailingcb.com\/wp-content\/uploads\/2025\/11\/banyera-russa-ruta-barco.jpeg 1536w\" sizes=\"(max-width: 768px) 100vw, 768px\" \/><\/figure>\n\n<h2 class=\"wp-block-heading\"><strong>4. El Crit: la cala de la llegenda<\/strong><\/h2>\n\n<p>Davant les <strong>Illes Formigues<\/strong> trobem <strong>Cala El Crit<\/strong>, escenari d&#8217;un episodi dram\u00e0tic lligat als atacs pirates. La tradici\u00f3 oral explica que una noia va ser segrestada, va resistir el capit\u00e0 Amara\u2026 i el seu crit va ressonar per tota la costa, donant nom a la cala.<\/p>\n\n<p>Avui \u00e9s una cala silenciosa, salvatge i fascinant.<\/p>\n\n<hr class=\"wp-block-separator has-alpha-channel-opacity\"\/>\n\n<h2 class=\"wp-block-heading\"><strong>5. Calella de Palafrugell i Llafranc: destinaci\u00f3 perfecta per a fam\u00edlies<\/strong><\/h2>\n\n<p>En arribar a <strong>Calella de Palafrugell<\/strong>, el paisatge canvia: cases blanques, m\u00fasica d&#8217;havaneres, barques amarrades sobre la sorra\u2026<\/p>\n\n<p>Una mica m\u00e9s al nord, el <strong>Far de Sant Sebasti\u00e0<\/strong>, dalt d&#8217;un penya-segat, ofereix una de les vistes m\u00e9s belles del litoral mediterrani.<\/p>\n\n<figure class=\"wp-block-image size-large\"><img decoding=\"async\" width=\"1024\" height=\"576\" src=\"https:\/\/customsailingcb.com\/wp-content\/uploads\/2025\/11\/illes-formigues-ruta-barco-1024x576.jpg\" alt=\"Navegaci&#xF3; propera a Illes Formigues &#x2013; Costa Brava\" class=\"wp-image-5259\" srcset=\"https:\/\/customsailingcb.com\/wp-content\/uploads\/2025\/11\/illes-formigues-ruta-barco-1024x576.jpg 1024w, https:\/\/customsailingcb.com\/wp-content\/uploads\/2025\/11\/illes-formigues-ruta-barco-300x169.jpg 300w, https:\/\/customsailingcb.com\/wp-content\/uploads\/2025\/11\/illes-formigues-ruta-barco-768x432.jpg 768w, https:\/\/customsailingcb.com\/wp-content\/uploads\/2025\/11\/illes-formigues-ruta-barco-1536x864.jpg 1536w, https:\/\/customsailingcb.com\/wp-content\/uploads\/2025\/11\/illes-formigues-ruta-barco-600x338.jpg 600w, https:\/\/customsailingcb.com\/wp-content\/uploads\/2025\/11\/illes-formigues-ruta-barco.jpg 1701w\" sizes=\"(max-width: 1024px) 100vw, 1024px\" \/><\/figure>\n\n<hr class=\"wp-block-separator has-alpha-channel-opacity\"\/>\n\n<h2 class=\"wp-block-heading\"><strong>Una ruta per gaudir en fam\u00edlia<\/strong><\/h2>\n\n<p>Durant l&#8217;excursi\u00f3:<\/p>\n\n<ul class=\"wp-block-list\">\n<li>Es pot <strong>nedar i fer snorkel<\/strong> en aig\u00fces tranquil\u00b7les.<\/li>\n\n\n\n<li>Nens i grans es poden divertir alhora que practiquen esport amb el <strong>p\u00e0del surf<\/strong>.<\/li>\n\n\n\n<li>Gaudir de <strong>c\u00e0tering saludable<\/strong> a bord (fruita fresca, productes locals i begudes fredes).<\/li>\n\n\n\n<li>Aprendre hist\u00f2ria i llegendes explicades pels nostres <strong>patrons-guies<\/strong> locals.<\/li>\n\n\n\n<li>Adaptem horaris, durada i ritme per a <strong>tota mena de fam\u00edlies<\/strong>.<\/li>\n<\/ul>\n\n<hr class=\"wp-block-separator has-alpha-channel-opacity\"\/>\n\n<h2 class=\"wp-block-heading\"><strong>Reserva la teva sortida i viu el mar com a navegant local<\/strong><\/h2>\n\n<p>A <strong>Custom Sailing Costa Brava<\/strong> creiem que navegar no \u00e9s nom\u00e9s despla\u00e7ar-se: \u00e9s <strong>connectar amb un territori, la seva gent i la seva mem\u00f2ria<\/strong>, des del respecte i la sostenibilitat.<\/p>\n\n<p>\ud83d\udccd Sortides des de <strong>Palam\u00f3s<\/strong> i\u00a0<strong>Calella de Palafrugell<\/strong><br\/>\ud83d\udc68\u200d\ud83d\udc69\u200d\ud83d\udc67\u200d\ud83d\udc66 Rutes pensades per a fam\u00edlies<br\/>\ud83c\udf0a Embarcacions c\u00f2modes, segures i exclusives (incl\u00fas embarcaci\u00f3 accesible amb plataforma elevadora)<br\/>\ud83c\udf49 Opcions de c\u00e0tering saludable a bord<br\/>\u2693 Amb patr\u00f3-guia expert<\/p>\n\n<p><strong>Reserva la teva experi\u00e8ncia aqu\u00ed:<\/strong><\/p>\n\n<p><a href=\"https:\/\/customsailingcb.com\/ca\/contacte\/\">Contacto &#8211; Custom sailing CB, Alquiler embarcaciones Costa Brava<\/a><\/p>\n\n<p><\/p>\n\n<p><\/p>\n","protected":false},"excerpt":{"rendered":"<p>Calella de Palafrugell des del mar per Custom Sailing<\/p>\n","protected":false},"author":2,"featured_media":5248,"comment_status":"closed","ping_status":"open","sticky":false,"template":"","format":"standard","meta":{"_acf_changed":false,"site-sidebar-layout":"default","site-content-layout":"","ast-site-content-layout":"","site-content-style":"default","site-sidebar-style":"default","ast-global-header-display":"","ast-banner-title-visibility":"","ast-main-header-display":"","ast-hfb-above-header-display":"","ast-hfb-below-header-display":"","ast-hfb-mobile-header-display":"","site-post-title":"","ast-breadcrumbs-content":"","ast-featured-img":"","footer-sml-layout":"","ast-disable-related-posts":"","theme-transparent-header-meta":"","adv-header-id-meta":"","stick-header-meta":"","header-above-stick-meta":"","header-main-stick-meta":"","header-below-stick-meta":"","astra-migrate-meta-layouts":"default","ast-page-background-enabled":"default","ast-page-background-meta":{"desktop":{"background-color":"var(--ast-global-color-5)","background-image":"","background-repeat":"repeat","background-position":"center center","background-size":"auto","background-attachment":"scroll","background-type":"","background-media":"","overlay-type":"","overlay-color":"","overlay-opacity":"","overlay-gradient":""},"tablet":{"background-color":"","background-image":"","background-repeat":"repeat","background-position":"center center","background-size":"auto","background-attachment":"scroll","background-type":"","background-media":"","overlay-type":"","overlay-color":"","overlay-opacity":"","overlay-gradient":""},"mobile":{"background-color":"","background-image":"","background-repeat":"repeat","background-position":"center center","background-size":"auto","background-attachment":"scroll","background-type":"","background-media":"","overlay-type":"","overlay-color":"","overlay-opacity":"","overlay-gradient":""}},"ast-content-background-meta":{"desktop":{"background-color":"var(--ast-global-color-4)","background-image":"","background-repeat":"repeat","background-position":"center center","background-size":"auto","background-attachment":"scroll","background-type":"","background-media":"","overlay-type":"","overlay-color":"","overlay-opacity":"","overlay-gradient":""},"tablet":{"background-color":"var(--ast-global-color-4)","background-image":"","background-repeat":"repeat","background-position":"center center","background-size":"auto","background-attachment":"scroll","background-type":"","background-media":"","overlay-type":"","overlay-color":"","overlay-opacity":"","overlay-gradient":""},"mobile":{"background-color":"var(--ast-global-color-4)","background-image":"","background-repeat":"repeat","background-position":"center center","background-size":"auto","background-attachment":"scroll","background-type":"","background-media":"","overlay-type":"","overlay-color":"","overlay-opacity":"","overlay-gradient":""}},"footnotes":""},"categories":[175],"tags":[],"class_list":["post-5269","post","type-post","status-publish","format-standard","has-post-thumbnail","hentry","category-blog-ca"],"acf":[],"yoast_head":"<!-- This site is optimized with the Yoast SEO plugin v27.4 - https:\/\/yoast.com\/product\/yoast-seo-wordpress\/ -->\n<title>Rutes familiars amb vaixell per la Costa Brava<\/title>\n<meta name=\"description\" content=\"Gaudeix de rutes familiars amb vaixell entre Palam\u00f3s i Calella de Palafrugell. Cales aut\u00e8ntiques i embarcacions exclusives.\" \/>\n<meta name=\"robots\" content=\"index, follow, max-snippet:-1, max-image-preview:large, max-video-preview:-1\" \/>\n<link rel=\"canonical\" href=\"https:\/\/customsailingcb.com\/ca\/rutes-familiars-amb-vaixell-per-la-costa-brava-des-de-palamos-fins-a-calella-de-palafrugell\/\" \/>\n<meta property=\"og:locale\" content=\"ca_ES\" \/>\n<meta property=\"og:type\" content=\"article\" \/>\n<meta property=\"og:title\" content=\"Rutes familiars amb vaixell per la Costa Brava\" \/>\n<meta property=\"og:description\" content=\"Gaudeix de rutes familiars amb vaixell entre Palam\u00f3s i Calella de Palafrugell. Cales aut\u00e8ntiques i embarcacions exclusives.\" \/>\n<meta property=\"og:url\" content=\"https:\/\/customsailingcb.com\/ca\/rutes-familiars-amb-vaixell-per-la-costa-brava-des-de-palamos-fins-a-calella-de-palafrugell\/\" \/>\n<meta property=\"og:site_name\" content=\"Custom sailing CB, Lloguer embarcacions Costa Brava\" \/>\n<meta property=\"article:publisher\" content=\"https:\/\/www.facebook.com\/customsailingcostabrava\" \/>\n<meta property=\"article:published_time\" content=\"2025-11-07T16:05:13+00:00\" \/>\n<meta property=\"article:modified_time\" content=\"2025-11-07T16:05:18+00:00\" \/>\n<meta property=\"og:image\" content=\"https:\/\/customsailingcb.com\/wp-content\/uploads\/2025\/11\/calella-custom-sailing-scaled.jpg\" \/>\n\t<meta property=\"og:image:width\" content=\"2560\" \/>\n\t<meta property=\"og:image:height\" content=\"1714\" \/>\n\t<meta property=\"og:image:type\" content=\"image\/jpeg\" \/>\n<meta name=\"author\" content=\"Marta\" \/>\n<meta name=\"twitter:card\" content=\"summary_large_image\" \/>\n<meta name=\"twitter:label1\" content=\"Escrit per\" \/>\n\t<meta name=\"twitter:data1\" content=\"Marta\" \/>\n\t<meta name=\"twitter:label2\" content=\"Temps estimat de lectura\" \/>\n\t<meta name=\"twitter:data2\" content=\"3 minuts\" \/>\n<script type=\"application\/ld+json\" class=\"yoast-schema-graph\">{\"@context\":\"https:\\\/\\\/schema.org\",\"@graph\":[{\"@type\":\"Article\",\"@id\":\"https:\\\/\\\/customsailingcb.com\\\/ca\\\/rutes-familiars-amb-vaixell-per-la-costa-brava-des-de-palamos-fins-a-calella-de-palafrugell\\\/#article\",\"isPartOf\":{\"@id\":\"https:\\\/\\\/customsailingcb.com\\\/ca\\\/rutes-familiars-amb-vaixell-per-la-costa-brava-des-de-palamos-fins-a-calella-de-palafrugell\\\/\"},\"author\":{\"name\":\"Marta\",\"@id\":\"https:\\\/\\\/customsailingcb.com\\\/ca\\\/#\\\/schema\\\/person\\\/c0e9205b006a5bef52718da3e1d5cc22\"},\"headline\":\"Rutes familiars amb vaixell per la Costa Brava: des de Palam\u00f3s fins a Calella de Palafrugell\",\"datePublished\":\"2025-11-07T16:05:13+00:00\",\"dateModified\":\"2025-11-07T16:05:18+00:00\",\"mainEntityOfPage\":{\"@id\":\"https:\\\/\\\/customsailingcb.com\\\/ca\\\/rutes-familiars-amb-vaixell-per-la-costa-brava-des-de-palamos-fins-a-calella-de-palafrugell\\\/\"},\"wordCount\":640,\"publisher\":{\"@id\":\"https:\\\/\\\/customsailingcb.com\\\/ca\\\/#organization\"},\"image\":{\"@id\":\"https:\\\/\\\/customsailingcb.com\\\/ca\\\/rutes-familiars-amb-vaixell-per-la-costa-brava-des-de-palamos-fins-a-calella-de-palafrugell\\\/#primaryimage\"},\"thumbnailUrl\":\"https:\\\/\\\/customsailingcb.com\\\/wp-content\\\/uploads\\\/2025\\\/11\\\/calella-custom-sailing-scaled.jpg\",\"articleSection\":[\"Blog\"],\"inLanguage\":\"ca\"},{\"@type\":\"WebPage\",\"@id\":\"https:\\\/\\\/customsailingcb.com\\\/ca\\\/rutes-familiars-amb-vaixell-per-la-costa-brava-des-de-palamos-fins-a-calella-de-palafrugell\\\/\",\"url\":\"https:\\\/\\\/customsailingcb.com\\\/ca\\\/rutes-familiars-amb-vaixell-per-la-costa-brava-des-de-palamos-fins-a-calella-de-palafrugell\\\/\",\"name\":\"Rutes familiars amb vaixell per la Costa Brava\",\"isPartOf\":{\"@id\":\"https:\\\/\\\/customsailingcb.com\\\/ca\\\/#website\"},\"primaryImageOfPage\":{\"@id\":\"https:\\\/\\\/customsailingcb.com\\\/ca\\\/rutes-familiars-amb-vaixell-per-la-costa-brava-des-de-palamos-fins-a-calella-de-palafrugell\\\/#primaryimage\"},\"image\":{\"@id\":\"https:\\\/\\\/customsailingcb.com\\\/ca\\\/rutes-familiars-amb-vaixell-per-la-costa-brava-des-de-palamos-fins-a-calella-de-palafrugell\\\/#primaryimage\"},\"thumbnailUrl\":\"https:\\\/\\\/customsailingcb.com\\\/wp-content\\\/uploads\\\/2025\\\/11\\\/calella-custom-sailing-scaled.jpg\",\"datePublished\":\"2025-11-07T16:05:13+00:00\",\"dateModified\":\"2025-11-07T16:05:18+00:00\",\"description\":\"Gaudeix de rutes familiars amb vaixell entre Palam\u00f3s i Calella de Palafrugell. Cales aut\u00e8ntiques i embarcacions exclusives.\",\"breadcrumb\":{\"@id\":\"https:\\\/\\\/customsailingcb.com\\\/ca\\\/rutes-familiars-amb-vaixell-per-la-costa-brava-des-de-palamos-fins-a-calella-de-palafrugell\\\/#breadcrumb\"},\"inLanguage\":\"ca\",\"potentialAction\":[{\"@type\":\"ReadAction\",\"target\":[\"https:\\\/\\\/customsailingcb.com\\\/ca\\\/rutes-familiars-amb-vaixell-per-la-costa-brava-des-de-palamos-fins-a-calella-de-palafrugell\\\/\"]}]},{\"@type\":\"ImageObject\",\"inLanguage\":\"ca\",\"@id\":\"https:\\\/\\\/customsailingcb.com\\\/ca\\\/rutes-familiars-amb-vaixell-per-la-costa-brava-des-de-palamos-fins-a-calella-de-palafrugell\\\/#primaryimage\",\"url\":\"https:\\\/\\\/customsailingcb.com\\\/wp-content\\\/uploads\\\/2025\\\/11\\\/calella-custom-sailing-scaled.jpg\",\"contentUrl\":\"https:\\\/\\\/customsailingcb.com\\\/wp-content\\\/uploads\\\/2025\\\/11\\\/calella-custom-sailing-scaled.jpg\",\"width\":2560,\"height\":1714,\"caption\":\"Calella-de-Palafrugell-des-del-mar\"},{\"@type\":\"BreadcrumbList\",\"@id\":\"https:\\\/\\\/customsailingcb.com\\\/ca\\\/rutes-familiars-amb-vaixell-per-la-costa-brava-des-de-palamos-fins-a-calella-de-palafrugell\\\/#breadcrumb\",\"itemListElement\":[{\"@type\":\"ListItem\",\"position\":1,\"name\":\"Inicio\",\"item\":\"https:\\\/\\\/customsailingcb.com\\\/ca\\\/\"},{\"@type\":\"ListItem\",\"position\":2,\"name\":\"Rutes familiars amb vaixell per la Costa Brava: des de Palam\u00f3s fins a Calella de Palafrugell\"}]},{\"@type\":\"WebSite\",\"@id\":\"https:\\\/\\\/customsailingcb.com\\\/ca\\\/#website\",\"url\":\"https:\\\/\\\/customsailingcb.com\\\/ca\\\/\",\"name\":\"Custom Sailing CB\",\"description\":\"Lloguer embarcacions Costa Brava\",\"publisher\":{\"@id\":\"https:\\\/\\\/customsailingcb.com\\\/ca\\\/#organization\"},\"alternateName\":\"CustomSailingCB.com\",\"potentialAction\":[{\"@type\":\"SearchAction\",\"target\":{\"@type\":\"EntryPoint\",\"urlTemplate\":\"https:\\\/\\\/customsailingcb.com\\\/ca\\\/?s={search_term_string}\"},\"query-input\":{\"@type\":\"PropertyValueSpecification\",\"valueRequired\":true,\"valueName\":\"search_term_string\"}}],\"inLanguage\":\"ca\"},{\"@type\":\"Organization\",\"@id\":\"https:\\\/\\\/customsailingcb.com\\\/ca\\\/#organization\",\"name\":\"Custom Sailing CB\",\"alternateName\":\"Custom Sailing Costa Brava\",\"url\":\"https:\\\/\\\/customsailingcb.com\\\/ca\\\/\",\"logo\":{\"@type\":\"ImageObject\",\"inLanguage\":\"ca\",\"@id\":\"https:\\\/\\\/customsailingcb.com\\\/ca\\\/#\\\/schema\\\/logo\\\/image\\\/\",\"url\":\"https:\\\/\\\/www.customsailingcb.com\\\/wp-content\\\/uploads\\\/2025\\\/01\\\/Logo_customsailing-scaled.webp\",\"contentUrl\":\"https:\\\/\\\/www.customsailingcb.com\\\/wp-content\\\/uploads\\\/2025\\\/01\\\/Logo_customsailing-scaled.webp\",\"width\":2560,\"height\":1085,\"caption\":\"Custom Sailing CB\"},\"image\":{\"@id\":\"https:\\\/\\\/customsailingcb.com\\\/ca\\\/#\\\/schema\\\/logo\\\/image\\\/\"},\"sameAs\":[\"https:\\\/\\\/www.facebook.com\\\/customsailingcostabrava\",\"https:\\\/\\\/www.instagram.com\\\/customsailing\\\/\"]},{\"@type\":\"Person\",\"@id\":\"https:\\\/\\\/customsailingcb.com\\\/ca\\\/#\\\/schema\\\/person\\\/c0e9205b006a5bef52718da3e1d5cc22\",\"name\":\"Marta\",\"image\":{\"@type\":\"ImageObject\",\"inLanguage\":\"ca\",\"@id\":\"https:\\\/\\\/secure.gravatar.com\\\/avatar\\\/71257321272d7c2caea2b42ea370423d556c259de802dfa6e76465ad9664b3eb?s=96&d=mm&r=g\",\"url\":\"https:\\\/\\\/secure.gravatar.com\\\/avatar\\\/71257321272d7c2caea2b42ea370423d556c259de802dfa6e76465ad9664b3eb?s=96&d=mm&r=g\",\"contentUrl\":\"https:\\\/\\\/secure.gravatar.com\\\/avatar\\\/71257321272d7c2caea2b42ea370423d556c259de802dfa6e76465ad9664b3eb?s=96&d=mm&r=g\",\"caption\":\"Marta\"},\"url\":\"https:\\\/\\\/customsailingcb.com\\\/ca\\\/author\\\/marta\\\/\"}]}<\/script>\n<!-- \/ Yoast SEO plugin. -->","yoast_head_json":{"title":"Rutes familiars amb vaixell per la Costa Brava","description":"Gaudeix de rutes familiars amb vaixell entre Palam\u00f3s i Calella de Palafrugell. Cales aut\u00e8ntiques i embarcacions exclusives.","robots":{"index":"index","follow":"follow","max-snippet":"max-snippet:-1","max-image-preview":"max-image-preview:large","max-video-preview":"max-video-preview:-1"},"canonical":"https:\/\/customsailingcb.com\/ca\/rutes-familiars-amb-vaixell-per-la-costa-brava-des-de-palamos-fins-a-calella-de-palafrugell\/","og_locale":"ca_ES","og_type":"article","og_title":"Rutes familiars amb vaixell per la Costa Brava","og_description":"Gaudeix de rutes familiars amb vaixell entre Palam\u00f3s i Calella de Palafrugell. Cales aut\u00e8ntiques i embarcacions exclusives.","og_url":"https:\/\/customsailingcb.com\/ca\/rutes-familiars-amb-vaixell-per-la-costa-brava-des-de-palamos-fins-a-calella-de-palafrugell\/","og_site_name":"Custom sailing CB, Lloguer embarcacions Costa Brava","article_publisher":"https:\/\/www.facebook.com\/customsailingcostabrava","article_published_time":"2025-11-07T16:05:13+00:00","article_modified_time":"2025-11-07T16:05:18+00:00","og_image":[{"width":2560,"height":1714,"url":"https:\/\/customsailingcb.com\/wp-content\/uploads\/2025\/11\/calella-custom-sailing-scaled.jpg","type":"image\/jpeg"}],"author":"Marta","twitter_card":"summary_large_image","twitter_misc":{"Escrit per":"Marta","Temps estimat de lectura":"3 minuts"},"schema":{"@context":"https:\/\/schema.org","@graph":[{"@type":"Article","@id":"https:\/\/customsailingcb.com\/ca\/rutes-familiars-amb-vaixell-per-la-costa-brava-des-de-palamos-fins-a-calella-de-palafrugell\/#article","isPartOf":{"@id":"https:\/\/customsailingcb.com\/ca\/rutes-familiars-amb-vaixell-per-la-costa-brava-des-de-palamos-fins-a-calella-de-palafrugell\/"},"author":{"name":"Marta","@id":"https:\/\/customsailingcb.com\/ca\/#\/schema\/person\/c0e9205b006a5bef52718da3e1d5cc22"},"headline":"Rutes familiars amb vaixell per la Costa Brava: des de Palam\u00f3s fins a Calella de Palafrugell","datePublished":"2025-11-07T16:05:13+00:00","dateModified":"2025-11-07T16:05:18+00:00","mainEntityOfPage":{"@id":"https:\/\/customsailingcb.com\/ca\/rutes-familiars-amb-vaixell-per-la-costa-brava-des-de-palamos-fins-a-calella-de-palafrugell\/"},"wordCount":640,"publisher":{"@id":"https:\/\/customsailingcb.com\/ca\/#organization"},"image":{"@id":"https:\/\/customsailingcb.com\/ca\/rutes-familiars-amb-vaixell-per-la-costa-brava-des-de-palamos-fins-a-calella-de-palafrugell\/#primaryimage"},"thumbnailUrl":"https:\/\/customsailingcb.com\/wp-content\/uploads\/2025\/11\/calella-custom-sailing-scaled.jpg","articleSection":["Blog"],"inLanguage":"ca"},{"@type":"WebPage","@id":"https:\/\/customsailingcb.com\/ca\/rutes-familiars-amb-vaixell-per-la-costa-brava-des-de-palamos-fins-a-calella-de-palafrugell\/","url":"https:\/\/customsailingcb.com\/ca\/rutes-familiars-amb-vaixell-per-la-costa-brava-des-de-palamos-fins-a-calella-de-palafrugell\/","name":"Rutes familiars amb vaixell per la Costa Brava","isPartOf":{"@id":"https:\/\/customsailingcb.com\/ca\/#website"},"primaryImageOfPage":{"@id":"https:\/\/customsailingcb.com\/ca\/rutes-familiars-amb-vaixell-per-la-costa-brava-des-de-palamos-fins-a-calella-de-palafrugell\/#primaryimage"},"image":{"@id":"https:\/\/customsailingcb.com\/ca\/rutes-familiars-amb-vaixell-per-la-costa-brava-des-de-palamos-fins-a-calella-de-palafrugell\/#primaryimage"},"thumbnailUrl":"https:\/\/customsailingcb.com\/wp-content\/uploads\/2025\/11\/calella-custom-sailing-scaled.jpg","datePublished":"2025-11-07T16:05:13+00:00","dateModified":"2025-11-07T16:05:18+00:00","description":"Gaudeix de rutes familiars amb vaixell entre Palam\u00f3s i Calella de Palafrugell. Cales aut\u00e8ntiques i embarcacions exclusives.","breadcrumb":{"@id":"https:\/\/customsailingcb.com\/ca\/rutes-familiars-amb-vaixell-per-la-costa-brava-des-de-palamos-fins-a-calella-de-palafrugell\/#breadcrumb"},"inLanguage":"ca","potentialAction":[{"@type":"ReadAction","target":["https:\/\/customsailingcb.com\/ca\/rutes-familiars-amb-vaixell-per-la-costa-brava-des-de-palamos-fins-a-calella-de-palafrugell\/"]}]},{"@type":"ImageObject","inLanguage":"ca","@id":"https:\/\/customsailingcb.com\/ca\/rutes-familiars-amb-vaixell-per-la-costa-brava-des-de-palamos-fins-a-calella-de-palafrugell\/#primaryimage","url":"https:\/\/customsailingcb.com\/wp-content\/uploads\/2025\/11\/calella-custom-sailing-scaled.jpg","contentUrl":"https:\/\/customsailingcb.com\/wp-content\/uploads\/2025\/11\/calella-custom-sailing-scaled.jpg","width":2560,"height":1714,"caption":"Calella-de-Palafrugell-des-del-mar"},{"@type":"BreadcrumbList","@id":"https:\/\/customsailingcb.com\/ca\/rutes-familiars-amb-vaixell-per-la-costa-brava-des-de-palamos-fins-a-calella-de-palafrugell\/#breadcrumb","itemListElement":[{"@type":"ListItem","position":1,"name":"Inicio","item":"https:\/\/customsailingcb.com\/ca\/"},{"@type":"ListItem","position":2,"name":"Rutes familiars amb vaixell per la Costa Brava: des de Palam\u00f3s fins a Calella de Palafrugell"}]},{"@type":"WebSite","@id":"https:\/\/customsailingcb.com\/ca\/#website","url":"https:\/\/customsailingcb.com\/ca\/","name":"Custom Sailing CB","description":"Lloguer embarcacions Costa Brava","publisher":{"@id":"https:\/\/customsailingcb.com\/ca\/#organization"},"alternateName":"CustomSailingCB.com","potentialAction":[{"@type":"SearchAction","target":{"@type":"EntryPoint","urlTemplate":"https:\/\/customsailingcb.com\/ca\/?s={search_term_string}"},"query-input":{"@type":"PropertyValueSpecification","valueRequired":true,"valueName":"search_term_string"}}],"inLanguage":"ca"},{"@type":"Organization","@id":"https:\/\/customsailingcb.com\/ca\/#organization","name":"Custom Sailing CB","alternateName":"Custom Sailing Costa Brava","url":"https:\/\/customsailingcb.com\/ca\/","logo":{"@type":"ImageObject","inLanguage":"ca","@id":"https:\/\/customsailingcb.com\/ca\/#\/schema\/logo\/image\/","url":"https:\/\/www.customsailingcb.com\/wp-content\/uploads\/2025\/01\/Logo_customsailing-scaled.webp","contentUrl":"https:\/\/www.customsailingcb.com\/wp-content\/uploads\/2025\/01\/Logo_customsailing-scaled.webp","width":2560,"height":1085,"caption":"Custom Sailing CB"},"image":{"@id":"https:\/\/customsailingcb.com\/ca\/#\/schema\/logo\/image\/"},"sameAs":["https:\/\/www.facebook.com\/customsailingcostabrava","https:\/\/www.instagram.com\/customsailing\/"]},{"@type":"Person","@id":"https:\/\/customsailingcb.com\/ca\/#\/schema\/person\/c0e9205b006a5bef52718da3e1d5cc22","name":"Marta","image":{"@type":"ImageObject","inLanguage":"ca","@id":"https:\/\/secure.gravatar.com\/avatar\/71257321272d7c2caea2b42ea370423d556c259de802dfa6e76465ad9664b3eb?s=96&d=mm&r=g","url":"https:\/\/secure.gravatar.com\/avatar\/71257321272d7c2caea2b42ea370423d556c259de802dfa6e76465ad9664b3eb?s=96&d=mm&r=g","contentUrl":"https:\/\/secure.gravatar.com\/avatar\/71257321272d7c2caea2b42ea370423d556c259de802dfa6e76465ad9664b3eb?s=96&d=mm&r=g","caption":"Marta"},"url":"https:\/\/customsailingcb.com\/ca\/author\/marta\/"}]}},"_links":{"self":[{"href":"https:\/\/customsailingcb.com\/ca\/wp-json\/wp\/v2\/posts\/5269","targetHints":{"allow":["GET"]}}],"collection":[{"href":"https:\/\/customsailingcb.com\/ca\/wp-json\/wp\/v2\/posts"}],"about":[{"href":"https:\/\/customsailingcb.com\/ca\/wp-json\/wp\/v2\/types\/post"}],"author":[{"embeddable":true,"href":"https:\/\/customsailingcb.com\/ca\/wp-json\/wp\/v2\/users\/2"}],"replies":[{"embeddable":true,"href":"https:\/\/customsailingcb.com\/ca\/wp-json\/wp\/v2\/comments?post=5269"}],"version-history":[{"count":0,"href":"https:\/\/customsailingcb.com\/ca\/wp-json\/wp\/v2\/posts\/5269\/revisions"}],"wp:featuredmedia":[{"embeddable":true,"href":"https:\/\/customsailingcb.com\/ca\/wp-json\/wp\/v2\/media\/5248"}],"wp:attachment":[{"href":"https:\/\/customsailingcb.com\/ca\/wp-json\/wp\/v2\/media?parent=5269"}],"wp:term":[{"taxonomy":"category","embeddable":true,"href":"https:\/\/customsailingcb.com\/ca\/wp-json\/wp\/v2\/categories?post=5269"},{"taxonomy":"post_tag","embeddable":true,"href":"https:\/\/customsailingcb.com\/ca\/wp-json\/wp\/v2\/tags?post=5269"}],"curies":[{"name":"wp","href":"https:\/\/api.w.org\/{rel}","templated":true}]}}