{"id":5402,"date":"2025-12-12T16:06:55","date_gmt":"2025-12-12T16:06:55","guid":{"rendered":"https:\/\/customsailingcb.com\/?p=5402"},"modified":"2026-03-26T19:48:40","modified_gmt":"2026-03-26T19:48:40","slug":"regala-una-experiencia-maritima-en-menorquina-per-la-costa-brava","status":"publish","type":"post","link":"https:\/\/customsailingcb.com\/ca\/regala-una-experiencia-maritima-en-menorquina-per-la-costa-brava\/","title":{"rendered":"Regala una experi\u00e8ncia mar\u00edtima en menorquina per la Costa Brava"},"content":{"rendered":"\t\t<div data-elementor-type=\"wp-post\" data-elementor-id=\"5402\" class=\"elementor elementor-5402 elementor-5391\" data-elementor-post-type=\"post\">\n\t\t\t\t<div class=\"elementor-element elementor-element-68d2027f e-flex e-con-boxed e-con e-parent\" data-id=\"68d2027f\" data-element_type=\"container\" data-e-type=\"container\">\n\t\t\t\t\t<div class=\"e-con-inner\">\n\t\t\t\t<div class=\"elementor-element elementor-element-86e8647 elementor-widget elementor-widget-text-editor\" data-id=\"86e8647\" data-element_type=\"widget\" data-e-type=\"widget\" data-widget_type=\"text-editor.default\">\n\t\t\t\t<div class=\"elementor-widget-container\">\n\t\t\t\t\t\t\t\t\t<p data-start=\"737\" data-end=\"1118\">Regalar una experi\u00e8ncia s\u2019ha convertit en una alternativa cada vegada m\u00e9s valorada per aquells que busquen obsequis memorables, aut\u00e8ntics i plens de significat. A la Costa Brava, una de les formes m\u00e9s especials de sorprendre familiars, amics o parella \u00e9s amb una <strong data-start=\"1003\" data-end=\"1035\">sortida privada en menorquina<\/strong>, una embarcaci\u00f3 tradicional que ofereix comoditat, estabilitat i un encant \u00fanic.<\/p><br><p data-start=\"1120\" data-end=\"1370\">A Custom Sailing Costa Brava posem a disposici\u00f3 dels nostres clients la possibilitat de <strong data-start=\"1211\" data-end=\"1270\">regalar una excursi\u00f3 mar\u00edtima totalment personalitzada<\/strong>, disponible en format de <strong data-start=\"1297\" data-end=\"1325\">mig dia o dia complet<\/strong>, per a grups privats de <strong data-start=\"1351\" data-end=\"1369\">2 a 10 persones<\/strong>.<\/p><br><br><h2 data-start=\"1377\" data-end=\"1436\"><strong data-start=\"1380\" data-end=\"1436\">Qu\u00e8 inclou una experi\u00e8ncia mar\u00edtima en menorquina?<\/strong><\/h2><br><h3 data-start=\"1438\" data-end=\"1484\"><strong data-start=\"1442\" data-end=\"1484\">1. Navegaci\u00f3 aut\u00e8ntica i paisatg\u00edstica<\/strong><\/h3><br><p data-start=\"1485\" data-end=\"1617\">La ruta recorre alguns dels trams m\u00e9s ic\u00f2nics del litoral entre <strong data-start=\"1554\" data-end=\"1590\">Palam\u00f3s i Calella de Palafrugell<\/strong>, permetent gaudir de:<\/p><br><br><ul data-start=\"1619\" data-end=\"1795\">\r\n \t<li data-start=\"1619\" data-end=\"1665\">\r\n<p data-start=\"1621\" data-end=\"1665\">Cales tranquil\u00b7les i envoltades de natura.<\/p>\r\n<\/li>\r\n \t<li data-start=\"1666\" data-end=\"1716\">\r\n<p data-start=\"1668\" data-end=\"1716\">Penya-segats i boscos que arriben fins al mar.<\/p>\r\n<\/li>\r\n \t<li data-start=\"1717\" data-end=\"1795\">\r\n<p data-start=\"1719\" data-end=\"1795\">Un paisatge mediterrani que combina tradici\u00f3, hist\u00f2ria i bellesa natural.<\/p>\r\n<\/li>\r\n<\/ul><br><p data-start=\"1797\" data-end=\"1900\">La navegaci\u00f3 en menorquina destaca per la seva <strong data-start=\"1840\" data-end=\"1867\">comoditat i estabilitat<\/strong>, ideal per a tot tipus de grups.<\/p><br><br><h3 data-start=\"1902\" data-end=\"1961\"><strong data-start=\"1906\" data-end=\"1961\">2. Una activitat privada i totalment personalitzada<\/strong><\/h3><br><p data-start=\"1962\" data-end=\"2033\">Cada sortida s\u2019adapta a les prefer\u00e8ncies del grup. \u00c9s possible incloure:<\/p><br><br><ul data-start=\"2035\" data-end=\"2272\">\r\n \t<li data-start=\"2035\" data-end=\"2090\">\r\n<p data-start=\"2037\" data-end=\"2090\">Parades per banyar-se en cales d\u2019aig\u00fces cristal\u00b7lines.<\/p>\r\n<\/li>\r\n \t<li data-start=\"2091\" data-end=\"2135\">\r\n<p data-start=\"2093\" data-end=\"2135\">Aperitiu a bord amb productes locals.<\/p>\r\n<\/li>\r\n \t<li data-start=\"2136\" data-end=\"2200\">\r\n<p data-start=\"2138\" data-end=\"2200\">Temps per relaxar-se, prendre el sol o gaudir del paisatge.<\/p>\r\n<\/li>\r\n \t<li data-start=\"2201\" data-end=\"2272\">\r\n<p data-start=\"2203\" data-end=\"2272\">Dinar en restaurant davant del mar (en l\u2019opci\u00f3 de dia complet).<\/p>\r\n<\/li>\r\n<\/ul><br><p data-start=\"2274\" data-end=\"2347\">El ritme el marca el client: pausat, \u00edntim i pensat per desconnectar.<\/p><br><br><h3 data-start=\"2349\" data-end=\"2412\"><strong data-start=\"2353\" data-end=\"2412\">3. Qualitat, sostenibilitat i acompanyament professional<\/strong><\/h3><br><p data-start=\"2413\" data-end=\"2671\">Totes les sortides estan guiades per un patr\u00f3 experimentat que comparteix informaci\u00f3 de l\u2019entorn i vetlla per la seguretat.<br data-start=\"2534\" data-end=\"2537\" \/>A m\u00e9s, Custom Sailing compta amb la <strong data-start=\"2574\" data-end=\"2601\">certificaci\u00f3 Biosphere<\/strong>, garantint un enfocament sostenible i respectu\u00f3s amb el medi mar\u00ed.<\/p><br><br><h2 data-start=\"2678\" data-end=\"2729\"><strong data-start=\"2681\" data-end=\"2729\">Opcions de sortida: Mig dia o dia complet<\/strong><\/h2><br><h3 data-start=\"2731\" data-end=\"2763\"><strong data-start=\"2735\" data-end=\"2763\">Mig dia (3,5 h aprox.)<\/strong><\/h3><br><p data-start=\"2764\" data-end=\"2981\">Una proposta ideal per a qui vol viure una primera presa de contacte amb el litoral en menorquina. Perfecta per a fam\u00edlies, parelles o grups que busquen una experi\u00e8ncia relaxada en un entorn natural privilegiat.<\/p><br><br><h3 data-start=\"2983\" data-end=\"3016\"><strong data-start=\"2987\" data-end=\"3016\">Dia complet (7 h aprox.)<\/strong><\/h3><br><p data-start=\"3017\" data-end=\"3247\">Una jornada m\u00e9s immersiva que combina navegaci\u00f3, temps de bany, aperitiu i la possibilitat de reservar restaurant en primera l\u00ednia de mar. \u00c9s l\u2019opci\u00f3 preferida per a celebracions, aniversaris o regals especials.<\/p><br><br><h2 data-start=\"3254\" data-end=\"3290\"><strong data-start=\"3257\" data-end=\"3290\">Per qu\u00e8 \u00e9s un regal perfecte<\/strong><\/h2><br><ul data-start=\"3292\" data-end=\"3645\">\r\n \t<li data-start=\"3292\" data-end=\"3367\">\r\n<p data-start=\"3294\" data-end=\"3367\"><strong data-start=\"3294\" data-end=\"3318\">Original i memorable<\/strong>: una experi\u00e8ncia que es recorda durant anys.<\/p>\r\n<\/li>\r\n \t<li data-start=\"3368\" data-end=\"3428\">\r\n<p data-start=\"3370\" data-end=\"3428\"><strong data-start=\"3370\" data-end=\"3397\">Per a tots els p\u00fablics<\/strong>: c\u00f2moda, segura i accessible.<\/p>\r\n<\/li>\r\n \t<li data-start=\"3429\" data-end=\"3498\">\r\n<p data-start=\"3431\" data-end=\"3498\"><strong data-start=\"3431\" data-end=\"3454\">Privada i exclusiva<\/strong>: nom\u00e9s per al grup que rep el regal.<\/p>\r\n<\/li>\r\n \t<li data-start=\"3499\" data-end=\"3574\">\r\n<p data-start=\"3501\" data-end=\"3574\"><strong data-start=\"3501\" data-end=\"3531\">Connexi\u00f3 amb la natura<\/strong>: mar, calma i autenticitat mediterr\u00e0nia.<\/p>\r\n<\/li>\r\n \t<li data-start=\"3575\" data-end=\"3645\">\r\n<p data-start=\"3577\" data-end=\"3645\"><strong data-start=\"3577\" data-end=\"3589\">Flexible<\/strong>: dates obertes i opcions adaptades a cada persona.<\/p>\r\n<\/li>\r\n<\/ul><br><p data-start=\"3647\" data-end=\"3792\">Regalar una sortida en menorquina \u00e9s regalar <strong data-start=\"3691\" data-end=\"3733\">temps, emoci\u00f3 i moments compartits<\/strong> en un dels paisatges m\u00e9s emblem\u00e0tics de la Costa Brava.<\/p><br><br><h2 data-start=\"3799\" data-end=\"3835\"><strong data-start=\"3802\" data-end=\"3835\">Com regalar aquesta experi\u00e8ncia<\/strong><\/h2><br><p data-start=\"3837\" data-end=\"4151\">Podem preparar un <strong data-start=\"3857\" data-end=\"3886\">bo regal personalitzat<\/strong>, amb els detalls de l\u2019activitat, v\u00e0lid per a la temporada corresponent i amb possibilitat de bescanvi en diferents dates.<br data-start=\"4013\" data-end=\"4016\" \/>Nom\u00e9s cal contactar amb nosaltres i especificar el tipus de sortida (mig dia o dia complet) i el nombre aproximat de persones.<\/p><br><p data-start=\"3837\" data-end=\"4151\"><img fetchpriority=\"high\" decoding=\"async\" class=\"aligncenter wp-image-5396 size-medium\" src=\"https:\/\/customsailingcb.com\/wp-content\/uploads\/2025\/12\/REGALA-CUSTOM_2026-300x213.png\" alt=\"\" width=\"300\" height=\"213\" srcset=\"https:\/\/customsailingcb.com\/wp-content\/uploads\/2025\/12\/REGALA-CUSTOM_2026-300x213.png 300w, https:\/\/customsailingcb.com\/wp-content\/uploads\/2025\/12\/REGALA-CUSTOM_2026-1024x726.png 1024w, https:\/\/customsailingcb.com\/wp-content\/uploads\/2025\/12\/REGALA-CUSTOM_2026-768x545.png 768w, https:\/\/customsailingcb.com\/wp-content\/uploads\/2025\/12\/REGALA-CUSTOM_2026-1536x1090.png 1536w, https:\/\/customsailingcb.com\/wp-content\/uploads\/2025\/12\/REGALA-CUSTOM_2026-600x426.png 600w, https:\/\/customsailingcb.com\/wp-content\/uploads\/2025\/12\/REGALA-CUSTOM_2026.png 1748w\" sizes=\"(max-width: 300px) 100vw, 300px\" \/><\/p><br><br><h2 data-start=\"4158\" data-end=\"4219\"><strong data-start=\"4161\" data-end=\"4219\">Vols regalar una experi\u00e8ncia mar\u00edtima inoblidable?<\/strong><\/h2><br><p data-start=\"4221\" data-end=\"4284\">Estem disponibles per assessorar-te i preparar un regal \u00fanic.<\/p><br>Visita la nostra web o contacta\u2019ns per WhatsApp: +34 625 391 401.<br><br><a href=\"https:\/\/customsailingcb.com\/ca\/contacte\/\">Contacte &#8211; Custom sailing CB, Lloguer d\u2019embarcacions Costa Brava<\/a>\t\t\t\t\t\t\t\t<\/div>\n\t\t\t\t<\/div>\n\t\t\t\t\t<\/div>\n\t\t\t\t<\/div>\n\t\t\t\t<\/div>\n\t\t","protected":false},"excerpt":{"rendered":"<p>Cala Foradada des de la menorquina<\/p>\n","protected":false},"author":2,"featured_media":5400,"comment_status":"closed","ping_status":"open","sticky":false,"template":"","format":"standard","meta":{"_acf_changed":false,"site-sidebar-layout":"default","site-content-layout":"","ast-site-content-layout":"default","site-content-style":"default","site-sidebar-style":"default","ast-global-header-display":"","ast-banner-title-visibility":"","ast-main-header-display":"","ast-hfb-above-header-display":"","ast-hfb-below-header-display":"","ast-hfb-mobile-header-display":"","site-post-title":"","ast-breadcrumbs-content":"","ast-featured-img":"","footer-sml-layout":"","ast-disable-related-posts":"","theme-transparent-header-meta":"default","adv-header-id-meta":"","stick-header-meta":"","header-above-stick-meta":"","header-main-stick-meta":"","header-below-stick-meta":"","astra-migrate-meta-layouts":"set","ast-page-background-enabled":"default","ast-page-background-meta":{"desktop":{"background-color":"var(--ast-global-color-5)","background-image":"","background-repeat":"repeat","background-position":"center center","background-size":"auto","background-attachment":"scroll","background-type":"","background-media":"","overlay-type":"","overlay-color":"","overlay-opacity":"","overlay-gradient":""},"tablet":{"background-color":"","background-image":"","background-repeat":"repeat","background-position":"center center","background-size":"auto","background-attachment":"scroll","background-type":"","background-media":"","overlay-type":"","overlay-color":"","overlay-opacity":"","overlay-gradient":""},"mobile":{"background-color":"","background-image":"","background-repeat":"repeat","background-position":"center center","background-size":"auto","background-attachment":"scroll","background-type":"","background-media":"","overlay-type":"","overlay-color":"","overlay-opacity":"","overlay-gradient":""}},"ast-content-background-meta":{"desktop":{"background-color":"var(--ast-global-color-4)","background-image":"","background-repeat":"repeat","background-position":"center center","background-size":"auto","background-attachment":"scroll","background-type":"","background-media":"","overlay-type":"","overlay-color":"","overlay-opacity":"","overlay-gradient":""},"tablet":{"background-color":"var(--ast-global-color-4)","background-image":"","background-repeat":"repeat","background-position":"center center","background-size":"auto","background-attachment":"scroll","background-type":"","background-media":"","overlay-type":"","overlay-color":"","overlay-opacity":"","overlay-gradient":""},"mobile":{"background-color":"var(--ast-global-color-4)","background-image":"","background-repeat":"repeat","background-position":"center center","background-size":"auto","background-attachment":"scroll","background-type":"","background-media":"","overlay-type":"","overlay-color":"","overlay-opacity":"","overlay-gradient":""}},"footnotes":""},"categories":[175],"tags":[],"class_list":["post-5402","post","type-post","status-publish","format-standard","has-post-thumbnail","hentry","category-blog-ca"],"acf":[],"yoast_head":"<!-- This site is optimized with the Yoast SEO plugin v27.4 - https:\/\/yoast.com\/product\/yoast-seo-wordpress\/ -->\n<title>Experi\u00e8ncia mar\u00edtima menorquina Costa Brava<\/title>\n<meta name=\"description\" content=\"Sorpr\u00e8n amb una experi\u00e8ncia exclusiva en menorquina per la Costa Brava. Sortides privades de mig dia o dia complet per a grups de 2 a 10 persones.\" \/>\n<meta name=\"robots\" content=\"index, follow, max-snippet:-1, max-image-preview:large, max-video-preview:-1\" \/>\n<link rel=\"canonical\" href=\"https:\/\/customsailingcb.com\/ca\/regala-una-experiencia-maritima-en-menorquina-per-la-costa-brava\/\" \/>\n<meta property=\"og:locale\" content=\"ca_ES\" \/>\n<meta property=\"og:type\" content=\"article\" \/>\n<meta property=\"og:title\" content=\"Experi\u00e8ncia mar\u00edtima menorquina Costa Brava\" \/>\n<meta property=\"og:description\" content=\"Sorpr\u00e8n amb una experi\u00e8ncia exclusiva en menorquina per la Costa Brava. Sortides privades de mig dia o dia complet per a grups de 2 a 10 persones.\" \/>\n<meta property=\"og:url\" content=\"https:\/\/customsailingcb.com\/ca\/regala-una-experiencia-maritima-en-menorquina-per-la-costa-brava\/\" \/>\n<meta property=\"og:site_name\" content=\"Custom sailing CB, Lloguer embarcacions Costa Brava\" \/>\n<meta property=\"article:publisher\" content=\"https:\/\/www.facebook.com\/customsailingcostabrava\" \/>\n<meta property=\"article:published_time\" content=\"2025-12-12T16:06:55+00:00\" \/>\n<meta property=\"article:modified_time\" content=\"2026-03-26T19:48:40+00:00\" \/>\n<meta property=\"og:image\" content=\"https:\/\/customsailingcb.com\/wp-content\/uploads\/2025\/12\/bibi_7.jpg\" \/>\n\t<meta property=\"og:image:width\" content=\"1767\" \/>\n\t<meta property=\"og:image:height\" content=\"1178\" \/>\n\t<meta property=\"og:image:type\" content=\"image\/jpeg\" \/>\n<meta name=\"author\" content=\"Marta\" \/>\n<meta name=\"twitter:card\" content=\"summary_large_image\" \/>\n<meta name=\"twitter:label1\" content=\"Escrit per\" \/>\n\t<meta name=\"twitter:data1\" content=\"Marta\" \/>\n\t<meta name=\"twitter:label2\" content=\"Temps estimat de lectura\" \/>\n\t<meta name=\"twitter:data2\" content=\"3 minuts\" \/>\n<script type=\"application\/ld+json\" class=\"yoast-schema-graph\">{\"@context\":\"https:\\\/\\\/schema.org\",\"@graph\":[{\"@type\":\"Article\",\"@id\":\"https:\\\/\\\/customsailingcb.com\\\/ca\\\/regala-una-experiencia-maritima-en-menorquina-per-la-costa-brava\\\/#article\",\"isPartOf\":{\"@id\":\"https:\\\/\\\/customsailingcb.com\\\/ca\\\/regala-una-experiencia-maritima-en-menorquina-per-la-costa-brava\\\/\"},\"author\":{\"name\":\"Marta\",\"@id\":\"https:\\\/\\\/customsailingcb.com\\\/ca\\\/#\\\/schema\\\/person\\\/c0e9205b006a5bef52718da3e1d5cc22\"},\"headline\":\"Regala una experi\u00e8ncia mar\u00edtima en menorquina per la Costa Brava\",\"datePublished\":\"2025-12-12T16:06:55+00:00\",\"dateModified\":\"2026-03-26T19:48:40+00:00\",\"mainEntityOfPage\":{\"@id\":\"https:\\\/\\\/customsailingcb.com\\\/ca\\\/regala-una-experiencia-maritima-en-menorquina-per-la-costa-brava\\\/\"},\"wordCount\":569,\"publisher\":{\"@id\":\"https:\\\/\\\/customsailingcb.com\\\/ca\\\/#organization\"},\"image\":{\"@id\":\"https:\\\/\\\/customsailingcb.com\\\/ca\\\/regala-una-experiencia-maritima-en-menorquina-per-la-costa-brava\\\/#primaryimage\"},\"thumbnailUrl\":\"https:\\\/\\\/customsailingcb.com\\\/wp-content\\\/uploads\\\/2025\\\/12\\\/bibi_7.jpg\",\"articleSection\":[\"Blog\"],\"inLanguage\":\"ca\"},{\"@type\":\"WebPage\",\"@id\":\"https:\\\/\\\/customsailingcb.com\\\/ca\\\/regala-una-experiencia-maritima-en-menorquina-per-la-costa-brava\\\/\",\"url\":\"https:\\\/\\\/customsailingcb.com\\\/ca\\\/regala-una-experiencia-maritima-en-menorquina-per-la-costa-brava\\\/\",\"name\":\"Experi\u00e8ncia mar\u00edtima menorquina Costa Brava\",\"isPartOf\":{\"@id\":\"https:\\\/\\\/customsailingcb.com\\\/ca\\\/#website\"},\"primaryImageOfPage\":{\"@id\":\"https:\\\/\\\/customsailingcb.com\\\/ca\\\/regala-una-experiencia-maritima-en-menorquina-per-la-costa-brava\\\/#primaryimage\"},\"image\":{\"@id\":\"https:\\\/\\\/customsailingcb.com\\\/ca\\\/regala-una-experiencia-maritima-en-menorquina-per-la-costa-brava\\\/#primaryimage\"},\"thumbnailUrl\":\"https:\\\/\\\/customsailingcb.com\\\/wp-content\\\/uploads\\\/2025\\\/12\\\/bibi_7.jpg\",\"datePublished\":\"2025-12-12T16:06:55+00:00\",\"dateModified\":\"2026-03-26T19:48:40+00:00\",\"description\":\"Sorpr\u00e8n amb una experi\u00e8ncia exclusiva en menorquina per la Costa Brava. Sortides privades de mig dia o dia complet per a grups de 2 a 10 persones.\",\"breadcrumb\":{\"@id\":\"https:\\\/\\\/customsailingcb.com\\\/ca\\\/regala-una-experiencia-maritima-en-menorquina-per-la-costa-brava\\\/#breadcrumb\"},\"inLanguage\":\"ca\",\"potentialAction\":[{\"@type\":\"ReadAction\",\"target\":[\"https:\\\/\\\/customsailingcb.com\\\/ca\\\/regala-una-experiencia-maritima-en-menorquina-per-la-costa-brava\\\/\"]}]},{\"@type\":\"ImageObject\",\"inLanguage\":\"ca\",\"@id\":\"https:\\\/\\\/customsailingcb.com\\\/ca\\\/regala-una-experiencia-maritima-en-menorquina-per-la-costa-brava\\\/#primaryimage\",\"url\":\"https:\\\/\\\/customsailingcb.com\\\/wp-content\\\/uploads\\\/2025\\\/12\\\/bibi_7.jpg\",\"contentUrl\":\"https:\\\/\\\/customsailingcb.com\\\/wp-content\\\/uploads\\\/2025\\\/12\\\/bibi_7.jpg\",\"width\":1767,\"height\":1178},{\"@type\":\"BreadcrumbList\",\"@id\":\"https:\\\/\\\/customsailingcb.com\\\/ca\\\/regala-una-experiencia-maritima-en-menorquina-per-la-costa-brava\\\/#breadcrumb\",\"itemListElement\":[{\"@type\":\"ListItem\",\"position\":1,\"name\":\"Inicio\",\"item\":\"https:\\\/\\\/customsailingcb.com\\\/ca\\\/\"},{\"@type\":\"ListItem\",\"position\":2,\"name\":\"Regala una experi\u00e8ncia mar\u00edtima en menorquina per la Costa Brava\"}]},{\"@type\":\"WebSite\",\"@id\":\"https:\\\/\\\/customsailingcb.com\\\/ca\\\/#website\",\"url\":\"https:\\\/\\\/customsailingcb.com\\\/ca\\\/\",\"name\":\"Custom Sailing CB\",\"description\":\"Lloguer embarcacions Costa Brava\",\"publisher\":{\"@id\":\"https:\\\/\\\/customsailingcb.com\\\/ca\\\/#organization\"},\"alternateName\":\"CustomSailingCB.com\",\"potentialAction\":[{\"@type\":\"SearchAction\",\"target\":{\"@type\":\"EntryPoint\",\"urlTemplate\":\"https:\\\/\\\/customsailingcb.com\\\/ca\\\/?s={search_term_string}\"},\"query-input\":{\"@type\":\"PropertyValueSpecification\",\"valueRequired\":true,\"valueName\":\"search_term_string\"}}],\"inLanguage\":\"ca\"},{\"@type\":\"Organization\",\"@id\":\"https:\\\/\\\/customsailingcb.com\\\/ca\\\/#organization\",\"name\":\"Custom Sailing CB\",\"alternateName\":\"Custom Sailing Costa Brava\",\"url\":\"https:\\\/\\\/customsailingcb.com\\\/ca\\\/\",\"logo\":{\"@type\":\"ImageObject\",\"inLanguage\":\"ca\",\"@id\":\"https:\\\/\\\/customsailingcb.com\\\/ca\\\/#\\\/schema\\\/logo\\\/image\\\/\",\"url\":\"https:\\\/\\\/www.customsailingcb.com\\\/wp-content\\\/uploads\\\/2025\\\/01\\\/Logo_customsailing-scaled.webp\",\"contentUrl\":\"https:\\\/\\\/www.customsailingcb.com\\\/wp-content\\\/uploads\\\/2025\\\/01\\\/Logo_customsailing-scaled.webp\",\"width\":2560,\"height\":1085,\"caption\":\"Custom Sailing CB\"},\"image\":{\"@id\":\"https:\\\/\\\/customsailingcb.com\\\/ca\\\/#\\\/schema\\\/logo\\\/image\\\/\"},\"sameAs\":[\"https:\\\/\\\/www.facebook.com\\\/customsailingcostabrava\",\"https:\\\/\\\/www.instagram.com\\\/customsailing\\\/\"]},{\"@type\":\"Person\",\"@id\":\"https:\\\/\\\/customsailingcb.com\\\/ca\\\/#\\\/schema\\\/person\\\/c0e9205b006a5bef52718da3e1d5cc22\",\"name\":\"Marta\",\"image\":{\"@type\":\"ImageObject\",\"inLanguage\":\"ca\",\"@id\":\"https:\\\/\\\/secure.gravatar.com\\\/avatar\\\/71257321272d7c2caea2b42ea370423d556c259de802dfa6e76465ad9664b3eb?s=96&d=mm&r=g\",\"url\":\"https:\\\/\\\/secure.gravatar.com\\\/avatar\\\/71257321272d7c2caea2b42ea370423d556c259de802dfa6e76465ad9664b3eb?s=96&d=mm&r=g\",\"contentUrl\":\"https:\\\/\\\/secure.gravatar.com\\\/avatar\\\/71257321272d7c2caea2b42ea370423d556c259de802dfa6e76465ad9664b3eb?s=96&d=mm&r=g\",\"caption\":\"Marta\"},\"url\":\"https:\\\/\\\/customsailingcb.com\\\/ca\\\/author\\\/marta\\\/\"}]}<\/script>\n<!-- \/ Yoast SEO plugin. -->","yoast_head_json":{"title":"Experi\u00e8ncia mar\u00edtima menorquina Costa Brava","description":"Sorpr\u00e8n amb una experi\u00e8ncia exclusiva en menorquina per la Costa Brava. Sortides privades de mig dia o dia complet per a grups de 2 a 10 persones.","robots":{"index":"index","follow":"follow","max-snippet":"max-snippet:-1","max-image-preview":"max-image-preview:large","max-video-preview":"max-video-preview:-1"},"canonical":"https:\/\/customsailingcb.com\/ca\/regala-una-experiencia-maritima-en-menorquina-per-la-costa-brava\/","og_locale":"ca_ES","og_type":"article","og_title":"Experi\u00e8ncia mar\u00edtima menorquina Costa Brava","og_description":"Sorpr\u00e8n amb una experi\u00e8ncia exclusiva en menorquina per la Costa Brava. Sortides privades de mig dia o dia complet per a grups de 2 a 10 persones.","og_url":"https:\/\/customsailingcb.com\/ca\/regala-una-experiencia-maritima-en-menorquina-per-la-costa-brava\/","og_site_name":"Custom sailing CB, Lloguer embarcacions Costa Brava","article_publisher":"https:\/\/www.facebook.com\/customsailingcostabrava","article_published_time":"2025-12-12T16:06:55+00:00","article_modified_time":"2026-03-26T19:48:40+00:00","og_image":[{"width":1767,"height":1178,"url":"https:\/\/customsailingcb.com\/wp-content\/uploads\/2025\/12\/bibi_7.jpg","type":"image\/jpeg"}],"author":"Marta","twitter_card":"summary_large_image","twitter_misc":{"Escrit per":"Marta","Temps estimat de lectura":"3 minuts"},"schema":{"@context":"https:\/\/schema.org","@graph":[{"@type":"Article","@id":"https:\/\/customsailingcb.com\/ca\/regala-una-experiencia-maritima-en-menorquina-per-la-costa-brava\/#article","isPartOf":{"@id":"https:\/\/customsailingcb.com\/ca\/regala-una-experiencia-maritima-en-menorquina-per-la-costa-brava\/"},"author":{"name":"Marta","@id":"https:\/\/customsailingcb.com\/ca\/#\/schema\/person\/c0e9205b006a5bef52718da3e1d5cc22"},"headline":"Regala una experi\u00e8ncia mar\u00edtima en menorquina per la Costa Brava","datePublished":"2025-12-12T16:06:55+00:00","dateModified":"2026-03-26T19:48:40+00:00","mainEntityOfPage":{"@id":"https:\/\/customsailingcb.com\/ca\/regala-una-experiencia-maritima-en-menorquina-per-la-costa-brava\/"},"wordCount":569,"publisher":{"@id":"https:\/\/customsailingcb.com\/ca\/#organization"},"image":{"@id":"https:\/\/customsailingcb.com\/ca\/regala-una-experiencia-maritima-en-menorquina-per-la-costa-brava\/#primaryimage"},"thumbnailUrl":"https:\/\/customsailingcb.com\/wp-content\/uploads\/2025\/12\/bibi_7.jpg","articleSection":["Blog"],"inLanguage":"ca"},{"@type":"WebPage","@id":"https:\/\/customsailingcb.com\/ca\/regala-una-experiencia-maritima-en-menorquina-per-la-costa-brava\/","url":"https:\/\/customsailingcb.com\/ca\/regala-una-experiencia-maritima-en-menorquina-per-la-costa-brava\/","name":"Experi\u00e8ncia mar\u00edtima menorquina Costa Brava","isPartOf":{"@id":"https:\/\/customsailingcb.com\/ca\/#website"},"primaryImageOfPage":{"@id":"https:\/\/customsailingcb.com\/ca\/regala-una-experiencia-maritima-en-menorquina-per-la-costa-brava\/#primaryimage"},"image":{"@id":"https:\/\/customsailingcb.com\/ca\/regala-una-experiencia-maritima-en-menorquina-per-la-costa-brava\/#primaryimage"},"thumbnailUrl":"https:\/\/customsailingcb.com\/wp-content\/uploads\/2025\/12\/bibi_7.jpg","datePublished":"2025-12-12T16:06:55+00:00","dateModified":"2026-03-26T19:48:40+00:00","description":"Sorpr\u00e8n amb una experi\u00e8ncia exclusiva en menorquina per la Costa Brava. Sortides privades de mig dia o dia complet per a grups de 2 a 10 persones.","breadcrumb":{"@id":"https:\/\/customsailingcb.com\/ca\/regala-una-experiencia-maritima-en-menorquina-per-la-costa-brava\/#breadcrumb"},"inLanguage":"ca","potentialAction":[{"@type":"ReadAction","target":["https:\/\/customsailingcb.com\/ca\/regala-una-experiencia-maritima-en-menorquina-per-la-costa-brava\/"]}]},{"@type":"ImageObject","inLanguage":"ca","@id":"https:\/\/customsailingcb.com\/ca\/regala-una-experiencia-maritima-en-menorquina-per-la-costa-brava\/#primaryimage","url":"https:\/\/customsailingcb.com\/wp-content\/uploads\/2025\/12\/bibi_7.jpg","contentUrl":"https:\/\/customsailingcb.com\/wp-content\/uploads\/2025\/12\/bibi_7.jpg","width":1767,"height":1178},{"@type":"BreadcrumbList","@id":"https:\/\/customsailingcb.com\/ca\/regala-una-experiencia-maritima-en-menorquina-per-la-costa-brava\/#breadcrumb","itemListElement":[{"@type":"ListItem","position":1,"name":"Inicio","item":"https:\/\/customsailingcb.com\/ca\/"},{"@type":"ListItem","position":2,"name":"Regala una experi\u00e8ncia mar\u00edtima en menorquina per la Costa Brava"}]},{"@type":"WebSite","@id":"https:\/\/customsailingcb.com\/ca\/#website","url":"https:\/\/customsailingcb.com\/ca\/","name":"Custom Sailing CB","description":"Lloguer embarcacions Costa Brava","publisher":{"@id":"https:\/\/customsailingcb.com\/ca\/#organization"},"alternateName":"CustomSailingCB.com","potentialAction":[{"@type":"SearchAction","target":{"@type":"EntryPoint","urlTemplate":"https:\/\/customsailingcb.com\/ca\/?s={search_term_string}"},"query-input":{"@type":"PropertyValueSpecification","valueRequired":true,"valueName":"search_term_string"}}],"inLanguage":"ca"},{"@type":"Organization","@id":"https:\/\/customsailingcb.com\/ca\/#organization","name":"Custom Sailing CB","alternateName":"Custom Sailing Costa Brava","url":"https:\/\/customsailingcb.com\/ca\/","logo":{"@type":"ImageObject","inLanguage":"ca","@id":"https:\/\/customsailingcb.com\/ca\/#\/schema\/logo\/image\/","url":"https:\/\/www.customsailingcb.com\/wp-content\/uploads\/2025\/01\/Logo_customsailing-scaled.webp","contentUrl":"https:\/\/www.customsailingcb.com\/wp-content\/uploads\/2025\/01\/Logo_customsailing-scaled.webp","width":2560,"height":1085,"caption":"Custom Sailing CB"},"image":{"@id":"https:\/\/customsailingcb.com\/ca\/#\/schema\/logo\/image\/"},"sameAs":["https:\/\/www.facebook.com\/customsailingcostabrava","https:\/\/www.instagram.com\/customsailing\/"]},{"@type":"Person","@id":"https:\/\/customsailingcb.com\/ca\/#\/schema\/person\/c0e9205b006a5bef52718da3e1d5cc22","name":"Marta","image":{"@type":"ImageObject","inLanguage":"ca","@id":"https:\/\/secure.gravatar.com\/avatar\/71257321272d7c2caea2b42ea370423d556c259de802dfa6e76465ad9664b3eb?s=96&d=mm&r=g","url":"https:\/\/secure.gravatar.com\/avatar\/71257321272d7c2caea2b42ea370423d556c259de802dfa6e76465ad9664b3eb?s=96&d=mm&r=g","contentUrl":"https:\/\/secure.gravatar.com\/avatar\/71257321272d7c2caea2b42ea370423d556c259de802dfa6e76465ad9664b3eb?s=96&d=mm&r=g","caption":"Marta"},"url":"https:\/\/customsailingcb.com\/ca\/author\/marta\/"}]}},"_links":{"self":[{"href":"https:\/\/customsailingcb.com\/ca\/wp-json\/wp\/v2\/posts\/5402","targetHints":{"allow":["GET"]}}],"collection":[{"href":"https:\/\/customsailingcb.com\/ca\/wp-json\/wp\/v2\/posts"}],"about":[{"href":"https:\/\/customsailingcb.com\/ca\/wp-json\/wp\/v2\/types\/post"}],"author":[{"embeddable":true,"href":"https:\/\/customsailingcb.com\/ca\/wp-json\/wp\/v2\/users\/2"}],"replies":[{"embeddable":true,"href":"https:\/\/customsailingcb.com\/ca\/wp-json\/wp\/v2\/comments?post=5402"}],"version-history":[{"count":2,"href":"https:\/\/customsailingcb.com\/ca\/wp-json\/wp\/v2\/posts\/5402\/revisions"}],"predecessor-version":[{"id":5967,"href":"https:\/\/customsailingcb.com\/ca\/wp-json\/wp\/v2\/posts\/5402\/revisions\/5967"}],"wp:featuredmedia":[{"embeddable":true,"href":"https:\/\/customsailingcb.com\/ca\/wp-json\/wp\/v2\/media\/5400"}],"wp:attachment":[{"href":"https:\/\/customsailingcb.com\/ca\/wp-json\/wp\/v2\/media?parent=5402"}],"wp:term":[{"taxonomy":"category","embeddable":true,"href":"https:\/\/customsailingcb.com\/ca\/wp-json\/wp\/v2\/categories?post=5402"},{"taxonomy":"post_tag","embeddable":true,"href":"https:\/\/customsailingcb.com\/ca\/wp-json\/wp\/v2\/tags?post=5402"}],"curies":[{"name":"wp","href":"https:\/\/api.w.org\/{rel}","templated":true}]}}