{"id":5763,"date":"2026-01-19T17:24:22","date_gmt":"2026-01-19T17:24:22","guid":{"rendered":"https:\/\/customsailingcb.com\/?p=5763"},"modified":"2026-02-05T20:01:24","modified_gmt":"2026-02-05T20:01:24","slug":"manteniment-i-pupil%c2%b7latge-dembarcacions-a-la-costa-brava","status":"publish","type":"post","link":"https:\/\/customsailingcb.com\/ca\/manteniment-i-pupil%c2%b7latge-dembarcacions-a-la-costa-brava\/","title":{"rendered":"Manteniment i pupil\u00b7latge d&#8217;embarcacions a la Costa Brava"},"content":{"rendered":"\r\n<p data-start=\"615\" data-end=\"990\">La conservaci\u00f3 correcta d&#8217;una embarcaci\u00f3 \u00e9s essencial per garantir-ne la seguretat, el rendiment i la durabilitat al llarg del temps. A <strong>Custom Sailing Costa Brava<\/strong> oferim un <strong>servei integral de manteniment i pupil\u00b7latge d&#8217;embarcacions a la Costa Brava<\/strong>, pensat per a qu\u00e8 els armadors puguin despreocupar-se del tot durant el per\u00edode de fora de temporada.<\/p>\r\n<p data-start=\"992\" data-end=\"1182\">El nostre servei cobreix tot el<strong> cicle anual de l&#8217;embarcaci\u00f3<\/strong>, des de la retirada del port al final de la temporada fins a la posada a punt i entrega al port a l&#8217;inici de la seg\u00fcent.<\/p>\r\n<h2 data-start=\"1189\" data-end=\"1241\"><strong>Un servei tot incl\u00f2s, de principi a fi<\/strong><\/h2>\r\n<h4 data-start=\"1243\" data-end=\"1288\"><strong data-start=\"1247\" data-end=\"1288\">Retirada de l&#8217;embarcaci\u00f3 del port<\/strong><\/h4>\r\n<p data-start=\"1289\" data-end=\"1498\">En finalitzar la temporada n\u00e0utica, ens encarreguem de la coordinaci\u00f3 i la retirada de l&#8217;embarcaci\u00f3 del seu port base. Gestionem tota la log\u00edstica amb criteris de seguretat, planificaci\u00f3 i cura del vaixell.<\/p>\r\n<h4 data-start=\"1500\" data-end=\"1549\"><strong data-start=\"1504\" data-end=\"1549\">Pupil\u00b7latge en sec en instal\u00b7lacions pr\u00f2pies<\/strong><\/h4>\r\n<p data-start=\"1550\" data-end=\"1672\">Disposem d\u00b4<strong>instal\u00b7lacions pr\u00f2pies a la Costa Brava<\/strong>, equipades per al <strong>pupil\u00b7latge d&#8217;embarcacions a marina seca<\/strong>.<\/p>\r\n<p data-start=\"1674\" data-end=\"1708\">Les nostres instal\u00b7lacions inclouen:<\/p>\r\n<ul data-start=\"1709\" data-end=\"2007\">\r\n<li data-start=\"1709\" data-end=\"1828\">\r\n<p data-start=\"1711\" data-end=\"1828\"><strong>Carret\u00f3 elevador propi<\/strong>, que permet la manipulaci\u00f3 i moviment de les embarcacions amb total seguretat.<\/p>\r\n<\/li>\r\n<li data-start=\"1829\" data-end=\"1910\">\r\n<p data-start=\"1831\" data-end=\"1910\"><strong>Zona de magatzem coberta<\/strong>, amb <strong>estructures espec\u00edfiques de marina seca<\/strong>.<\/p>\r\n<\/li>\r\n<li data-start=\"1911\" data-end=\"2007\">\r\n<p data-start=\"1913\" data-end=\"2007\">Capacitat per a <strong>embarcacions de fins a 12 metres d&#8217;eslora i 8 tones de despla\u00e7ament<\/strong>.<\/p>\r\n<\/li>\r\n<\/ul>\r\n<p data-start=\"2009\" data-end=\"2195\">Aquest sistema d\u02bbhivernatge protegeix l\u02bbembarcaci\u00f3 de la intemp\u00e8rie, redueix el desgast provocat pel sol i la salinitat i facilita les tasques de manteniment en un entorn controlat.<\/p>\r\n<p data-start=\"2009\" data-end=\"2195\"><img fetchpriority=\"high\" decoding=\"async\" class=\"aligncenter wp-image-5757 size-large\" src=\"https:\/\/customsailingcb.com\/wp-content\/uploads\/2026\/01\/marina-seca-1-768x1024.jpeg\" alt=\"marina seca Custom detall\" width=\"768\" height=\"1024\" srcset=\"https:\/\/customsailingcb.com\/wp-content\/uploads\/2026\/01\/marina-seca-1-768x1024.jpeg 768w, https:\/\/customsailingcb.com\/wp-content\/uploads\/2026\/01\/marina-seca-1-225x300.jpeg 225w, https:\/\/customsailingcb.com\/wp-content\/uploads\/2026\/01\/marina-seca-1-1152x1536.jpeg 1152w, https:\/\/customsailingcb.com\/wp-content\/uploads\/2026\/01\/marina-seca-1-600x800.jpeg 600w, https:\/\/customsailingcb.com\/wp-content\/uploads\/2026\/01\/marina-seca-1.jpeg 1200w\" sizes=\"(max-width: 768px) 100vw, 768px\" \/><\/p>\r\n<h2 data-start=\"2202\" data-end=\"2268\"><strong>Manteniment preventiu i seguiment durant l&#8217;hivernatge<\/strong><\/h2>\r\n<p data-start=\"2270\" data-end=\"2465\">Durant el per\u00edode de pupil\u00b7latge fem un <strong>manteniment preventiu<\/strong> orientat a preservar el bon estat de l&#8217;embarcaci\u00f3 i anticipar possibles incid\u00e8ncies abans de l&#8217;inici de la temporada.<\/p>\r\n<p data-start=\"2467\" data-end=\"2489\">Les tasques inclouen:<\/p>\r\n<ul data-start=\"2490\" data-end=\"2707\">\r\n<li data-start=\"2490\" data-end=\"2521\">\r\n<p data-start=\"2492\" data-end=\"2521\">Neteja general i t\u00e8cnica.<\/p>\r\n<\/li>\r\n<li data-start=\"2522\" data-end=\"2586\">\r\n<p data-start=\"2524\" data-end=\"2586\">Revisi\u00f3 d&#8217;elements mec\u00e0nics, el\u00e8ctrics i estructurals.<\/p>\r\n<\/li>\r\n<li data-start=\"2587\" data-end=\"2628\">\r\n<p data-start=\"2589\" data-end=\"2628\">Control dels sistemes de seguretat.<\/p>\r\n<\/li>\r\n<li data-start=\"2629\" data-end=\"2707\">\r\n<p data-start=\"2631\" data-end=\"2707\">Seguiment peri\u00f2dic de l&#8217;estat de l&#8217;embarcaci\u00f3 durant tot l&#8217;hivern.<\/p>\r\n<\/li>\r\n<\/ul>\r\n<p data-start=\"2709\" data-end=\"2817\">Aquest enfocament permet reduir avaries, allargar la vida \u00fatil del vaixell i garantir una navegaci\u00f3 m\u00e9s segura.<\/p>\r\n<h2 data-start=\"2824\" data-end=\"2878\"><strong>Posada a punt i entrega a l&#8217;inici de temporada<\/strong><\/h2>\r\n<p data-start=\"2880\" data-end=\"3011\">Abans de l&#8217;inici de la nova temporada, preparem l&#8217;embarcaci\u00f3 perqu\u00e8 estigui <strong>completament operativa i llesta per navegar<\/strong>:<\/p>\r\n<ul data-start=\"3012\" data-end=\"3108\">\r\n<li data-start=\"3012\" data-end=\"3039\">\r\n<p data-start=\"3014\" data-end=\"3039\">Posada a punt general.<\/p>\r\n<\/li>\r\n<li data-start=\"3040\" data-end=\"3079\">\r\n<p data-start=\"3042\" data-end=\"3079\">Verificaci\u00f3 de tots els sistemes.<\/p>\r\n<\/li>\r\n<li data-start=\"3080\" data-end=\"3108\">\r\n<p data-start=\"3082\" data-end=\"3108\">Neteja final i acabats.<\/p>\r\n<\/li>\r\n<\/ul>\r\n<p data-start=\"3110\" data-end=\"3272\">Un cop finalitzats els treballs, ens encarreguem de la <strong>reinstal\u00b7laci\u00f3 i el lliurament de l&#8217;embarcaci\u00f3 al port<\/strong>, respectant els terminis acordats amb l&#8217;armador.<\/p>\r\n<h2 data-start=\"3279\" data-end=\"3345\"><strong>Per qu\u00e8 confiar la teva embarcaci\u00f3 a Custom Sailing Costa Brava<\/strong><\/h2>\r\n<ul data-start=\"3347\" data-end=\"3679\">\r\n<li data-start=\"3347\" data-end=\"3406\">\r\n<p data-start=\"3349\" data-end=\"3406\"><strong>Servei integral i coordinat<\/strong>, sense intermediaris.<\/p>\r\n<\/li>\r\n<li data-start=\"3407\" data-end=\"3476\">\r\n<p data-start=\"3409\" data-end=\"3476\"><strong>Instal\u00b7lacions pr\u00f2pies amb marina seca i carret\u00f3 elevador.<\/strong><\/p>\r\n<\/li>\r\n<li data-start=\"3477\" data-end=\"3548\">\r\n<p data-start=\"3479\" data-end=\"3548\"><strong>Experi\u00e8ncia t\u00e8cnica i profund coneixement del sector n\u00e0utic.<\/strong><\/p>\r\n<\/li>\r\n<li data-start=\"3549\" data-end=\"3624\">\r\n<p data-start=\"3551\" data-end=\"3624\"><strong>Atenci\u00f3 personalitzada<\/strong> i comunicaci\u00f3 constant amb el propietari.<\/p>\r\n<\/li>\r\n<li data-start=\"3625\" data-end=\"3679\">\r\n<p data-start=\"3627\" data-end=\"3679\"><strong>Tranquil\u00b7litat i estalvi de temps<\/strong> per a l&#8217;armador.<\/p>\r\n<\/li>\r\n<\/ul>\r\n<p data-start=\"3681\" data-end=\"3815\">El servei s&#8217;adre\u00e7a tant a <strong>embarcacions d&#8217;\u00fas privat<\/strong> com a vaixells destinats a activitats professionals o de lloguer.<\/p>\r\n<h2 data-start=\"3822\" data-end=\"3895\"><strong>Un servei pensat per cuidar la teva embarcaci\u00f3 durant tot l\u00b4any<\/strong><\/h2>\r\n<p data-start=\"3897\" data-end=\"4217\">Un bon manteniment i un pupil\u00b7latge adequat s\u00f3n clau per preservar el valor de l&#8217;embarcaci\u00f3 i assegurar-ne el funcionament correcte temporada rere temporada. A Custom Sailing Costa Brava treballem amb criteris de qualitat, planificaci\u00f3 i rigor t\u00e8cnic per oferir un servei fiable i eficient a la Costa Brava.<\/p>\r\n<h3 data-start=\"4224\" data-end=\"4327\"><strong data-start=\"4228\" data-end=\"4325\">Vols m\u00e9s informaci\u00f3 sobre el nostre servei de manteniment i pupil\u00b7latge d&#8217;embarcacions?<\/strong><\/h3>\r\n<p data-start=\"4328\" data-end=\"4383\">Contacta amb nosaltres i t&#8217;assessorarem sense cap comprom\u00eds.<\/p>\r\n\r\n\r\n\r\n<p><a href=\"https:\/\/customsailingcb.com\/ca\/contacte\/\">Contact &#8211; Custom sailing CB, Boat rental Costa Brava<\/a><\/p>\r\n","protected":false},"excerpt":{"rendered":"<p>Cala Foradada desde la menorquina<\/p>\n","protected":false},"author":2,"featured_media":5762,"comment_status":"closed","ping_status":"open","sticky":false,"template":"","format":"standard","meta":{"_acf_changed":false,"site-sidebar-layout":"default","site-content-layout":"","ast-site-content-layout":"default","site-content-style":"default","site-sidebar-style":"default","ast-global-header-display":"","ast-banner-title-visibility":"","ast-main-header-display":"","ast-hfb-above-header-display":"","ast-hfb-below-header-display":"","ast-hfb-mobile-header-display":"","site-post-title":"","ast-breadcrumbs-content":"","ast-featured-img":"","footer-sml-layout":"","ast-disable-related-posts":"","theme-transparent-header-meta":"default","adv-header-id-meta":"","stick-header-meta":"","header-above-stick-meta":"","header-main-stick-meta":"","header-below-stick-meta":"","astra-migrate-meta-layouts":"set","ast-page-background-enabled":"default","ast-page-background-meta":{"desktop":{"background-color":"var(--ast-global-color-5)","background-image":"","background-repeat":"repeat","background-position":"center center","background-size":"auto","background-attachment":"scroll","background-type":"","background-media":"","overlay-type":"","overlay-color":"","overlay-opacity":"","overlay-gradient":""},"tablet":{"background-color":"","background-image":"","background-repeat":"repeat","background-position":"center center","background-size":"auto","background-attachment":"scroll","background-type":"","background-media":"","overlay-type":"","overlay-color":"","overlay-opacity":"","overlay-gradient":""},"mobile":{"background-color":"","background-image":"","background-repeat":"repeat","background-position":"center center","background-size":"auto","background-attachment":"scroll","background-type":"","background-media":"","overlay-type":"","overlay-color":"","overlay-opacity":"","overlay-gradient":""}},"ast-content-background-meta":{"desktop":{"background-color":"var(--ast-global-color-4)","background-image":"","background-repeat":"repeat","background-position":"center center","background-size":"auto","background-attachment":"scroll","background-type":"","background-media":"","overlay-type":"","overlay-color":"","overlay-opacity":"","overlay-gradient":""},"tablet":{"background-color":"var(--ast-global-color-4)","background-image":"","background-repeat":"repeat","background-position":"center center","background-size":"auto","background-attachment":"scroll","background-type":"","background-media":"","overlay-type":"","overlay-color":"","overlay-opacity":"","overlay-gradient":""},"mobile":{"background-color":"var(--ast-global-color-4)","background-image":"","background-repeat":"repeat","background-position":"center center","background-size":"auto","background-attachment":"scroll","background-type":"","background-media":"","overlay-type":"","overlay-color":"","overlay-opacity":"","overlay-gradient":""}},"footnotes":""},"categories":[175],"tags":[],"class_list":["post-5763","post","type-post","status-publish","format-standard","has-post-thumbnail","hentry","category-blog-ca"],"acf":[],"yoast_head":"<!-- This site is optimized with the Yoast SEO plugin v27.4 - https:\/\/yoast.com\/product\/yoast-seo-wordpress\/ -->\n<title>Manteniment i pupil\u00b7latge d&#039;embarcacions a la Costa Brava<\/title>\n<meta name=\"description\" content=\"Servei professional de manteniment i pupil\u00b7latge d&#039;embarcacions a la Costa Brava. Retirada del port, hivernatge a marina seca, posada a punt i entrega al comen\u00e7ament de temporada.\" \/>\n<meta name=\"robots\" content=\"index, follow, max-snippet:-1, max-image-preview:large, max-video-preview:-1\" \/>\n<link rel=\"canonical\" href=\"https:\/\/customsailingcb.com\/ca\/manteniment-i-pupil%c2%b7latge-dembarcacions-a-la-costa-brava\/\" \/>\n<meta property=\"og:locale\" content=\"ca_ES\" \/>\n<meta property=\"og:type\" content=\"article\" \/>\n<meta property=\"og:title\" content=\"Manteniment i pupil\u00b7latge d&#039;embarcacions a la Costa Brava\" \/>\n<meta property=\"og:description\" content=\"Servei professional de manteniment i pupil\u00b7latge d&#039;embarcacions a la Costa Brava. Retirada del port, hivernatge a marina seca, posada a punt i entrega al comen\u00e7ament de temporada.\" \/>\n<meta property=\"og:url\" content=\"https:\/\/customsailingcb.com\/ca\/manteniment-i-pupil%c2%b7latge-dembarcacions-a-la-costa-brava\/\" \/>\n<meta property=\"og:site_name\" content=\"Custom sailing CB, Lloguer embarcacions Costa Brava\" \/>\n<meta property=\"article:publisher\" content=\"https:\/\/www.facebook.com\/customsailingcostabrava\" \/>\n<meta property=\"article:published_time\" content=\"2026-01-19T17:24:22+00:00\" \/>\n<meta property=\"article:modified_time\" content=\"2026-02-05T20:01:24+00:00\" \/>\n<meta property=\"og:image\" content=\"https:\/\/customsailingcb.com\/wp-content\/uploads\/2026\/01\/marina-seca-3.jpeg\" \/>\n\t<meta property=\"og:image:width\" content=\"1600\" \/>\n\t<meta property=\"og:image:height\" content=\"1200\" \/>\n\t<meta property=\"og:image:type\" content=\"image\/jpeg\" \/>\n<meta name=\"author\" content=\"Marta\" \/>\n<meta name=\"twitter:card\" content=\"summary_large_image\" \/>\n<meta name=\"twitter:label1\" content=\"Escrit per\" \/>\n\t<meta name=\"twitter:data1\" content=\"Marta\" \/>\n\t<meta name=\"twitter:label2\" content=\"Temps estimat de lectura\" \/>\n\t<meta name=\"twitter:data2\" content=\"3 minuts\" \/>\n<script type=\"application\/ld+json\" class=\"yoast-schema-graph\">{\"@context\":\"https:\\\/\\\/schema.org\",\"@graph\":[{\"@type\":\"Article\",\"@id\":\"https:\\\/\\\/customsailingcb.com\\\/ca\\\/manteniment-i-pupil%c2%b7latge-dembarcacions-a-la-costa-brava\\\/#article\",\"isPartOf\":{\"@id\":\"https:\\\/\\\/customsailingcb.com\\\/ca\\\/manteniment-i-pupil%c2%b7latge-dembarcacions-a-la-costa-brava\\\/\"},\"author\":{\"name\":\"Marta\",\"@id\":\"https:\\\/\\\/customsailingcb.com\\\/ca\\\/#\\\/schema\\\/person\\\/c0e9205b006a5bef52718da3e1d5cc22\"},\"headline\":\"Manteniment i pupil\u00b7latge d&#8217;embarcacions a la Costa Brava\",\"datePublished\":\"2026-01-19T17:24:22+00:00\",\"dateModified\":\"2026-02-05T20:01:24+00:00\",\"mainEntityOfPage\":{\"@id\":\"https:\\\/\\\/customsailingcb.com\\\/ca\\\/manteniment-i-pupil%c2%b7latge-dembarcacions-a-la-costa-brava\\\/\"},\"wordCount\":598,\"publisher\":{\"@id\":\"https:\\\/\\\/customsailingcb.com\\\/ca\\\/#organization\"},\"image\":{\"@id\":\"https:\\\/\\\/customsailingcb.com\\\/ca\\\/manteniment-i-pupil%c2%b7latge-dembarcacions-a-la-costa-brava\\\/#primaryimage\"},\"thumbnailUrl\":\"https:\\\/\\\/customsailingcb.com\\\/wp-content\\\/uploads\\\/2026\\\/01\\\/marina-seca-3.jpeg\",\"articleSection\":[\"Blog\"],\"inLanguage\":\"ca\"},{\"@type\":\"WebPage\",\"@id\":\"https:\\\/\\\/customsailingcb.com\\\/ca\\\/manteniment-i-pupil%c2%b7latge-dembarcacions-a-la-costa-brava\\\/\",\"url\":\"https:\\\/\\\/customsailingcb.com\\\/ca\\\/manteniment-i-pupil%c2%b7latge-dembarcacions-a-la-costa-brava\\\/\",\"name\":\"Manteniment i pupil\u00b7latge d'embarcacions a la Costa Brava\",\"isPartOf\":{\"@id\":\"https:\\\/\\\/customsailingcb.com\\\/ca\\\/#website\"},\"primaryImageOfPage\":{\"@id\":\"https:\\\/\\\/customsailingcb.com\\\/ca\\\/manteniment-i-pupil%c2%b7latge-dembarcacions-a-la-costa-brava\\\/#primaryimage\"},\"image\":{\"@id\":\"https:\\\/\\\/customsailingcb.com\\\/ca\\\/manteniment-i-pupil%c2%b7latge-dembarcacions-a-la-costa-brava\\\/#primaryimage\"},\"thumbnailUrl\":\"https:\\\/\\\/customsailingcb.com\\\/wp-content\\\/uploads\\\/2026\\\/01\\\/marina-seca-3.jpeg\",\"datePublished\":\"2026-01-19T17:24:22+00:00\",\"dateModified\":\"2026-02-05T20:01:24+00:00\",\"description\":\"Servei professional de manteniment i pupil\u00b7latge d'embarcacions a la Costa Brava. Retirada del port, hivernatge a marina seca, posada a punt i entrega al comen\u00e7ament de temporada.\",\"breadcrumb\":{\"@id\":\"https:\\\/\\\/customsailingcb.com\\\/ca\\\/manteniment-i-pupil%c2%b7latge-dembarcacions-a-la-costa-brava\\\/#breadcrumb\"},\"inLanguage\":\"ca\",\"potentialAction\":[{\"@type\":\"ReadAction\",\"target\":[\"https:\\\/\\\/customsailingcb.com\\\/ca\\\/manteniment-i-pupil%c2%b7latge-dembarcacions-a-la-costa-brava\\\/\"]}]},{\"@type\":\"ImageObject\",\"inLanguage\":\"ca\",\"@id\":\"https:\\\/\\\/customsailingcb.com\\\/ca\\\/manteniment-i-pupil%c2%b7latge-dembarcacions-a-la-costa-brava\\\/#primaryimage\",\"url\":\"https:\\\/\\\/customsailingcb.com\\\/wp-content\\\/uploads\\\/2026\\\/01\\\/marina-seca-3.jpeg\",\"contentUrl\":\"https:\\\/\\\/customsailingcb.com\\\/wp-content\\\/uploads\\\/2026\\\/01\\\/marina-seca-3.jpeg\",\"width\":1600,\"height\":1200,\"caption\":\"marina seca Custom\"},{\"@type\":\"BreadcrumbList\",\"@id\":\"https:\\\/\\\/customsailingcb.com\\\/ca\\\/manteniment-i-pupil%c2%b7latge-dembarcacions-a-la-costa-brava\\\/#breadcrumb\",\"itemListElement\":[{\"@type\":\"ListItem\",\"position\":1,\"name\":\"Inicio\",\"item\":\"https:\\\/\\\/customsailingcb.com\\\/ca\\\/\"},{\"@type\":\"ListItem\",\"position\":2,\"name\":\"Manteniment i pupil\u00b7latge d&#8217;embarcacions a la Costa Brava\"}]},{\"@type\":\"WebSite\",\"@id\":\"https:\\\/\\\/customsailingcb.com\\\/ca\\\/#website\",\"url\":\"https:\\\/\\\/customsailingcb.com\\\/ca\\\/\",\"name\":\"Custom Sailing CB\",\"description\":\"Lloguer embarcacions Costa Brava\",\"publisher\":{\"@id\":\"https:\\\/\\\/customsailingcb.com\\\/ca\\\/#organization\"},\"alternateName\":\"CustomSailingCB.com\",\"potentialAction\":[{\"@type\":\"SearchAction\",\"target\":{\"@type\":\"EntryPoint\",\"urlTemplate\":\"https:\\\/\\\/customsailingcb.com\\\/ca\\\/?s={search_term_string}\"},\"query-input\":{\"@type\":\"PropertyValueSpecification\",\"valueRequired\":true,\"valueName\":\"search_term_string\"}}],\"inLanguage\":\"ca\"},{\"@type\":\"Organization\",\"@id\":\"https:\\\/\\\/customsailingcb.com\\\/ca\\\/#organization\",\"name\":\"Custom Sailing CB\",\"alternateName\":\"Custom Sailing Costa Brava\",\"url\":\"https:\\\/\\\/customsailingcb.com\\\/ca\\\/\",\"logo\":{\"@type\":\"ImageObject\",\"inLanguage\":\"ca\",\"@id\":\"https:\\\/\\\/customsailingcb.com\\\/ca\\\/#\\\/schema\\\/logo\\\/image\\\/\",\"url\":\"https:\\\/\\\/www.customsailingcb.com\\\/wp-content\\\/uploads\\\/2025\\\/01\\\/Logo_customsailing-scaled.webp\",\"contentUrl\":\"https:\\\/\\\/www.customsailingcb.com\\\/wp-content\\\/uploads\\\/2025\\\/01\\\/Logo_customsailing-scaled.webp\",\"width\":2560,\"height\":1085,\"caption\":\"Custom Sailing CB\"},\"image\":{\"@id\":\"https:\\\/\\\/customsailingcb.com\\\/ca\\\/#\\\/schema\\\/logo\\\/image\\\/\"},\"sameAs\":[\"https:\\\/\\\/www.facebook.com\\\/customsailingcostabrava\",\"https:\\\/\\\/www.instagram.com\\\/customsailing\\\/\"]},{\"@type\":\"Person\",\"@id\":\"https:\\\/\\\/customsailingcb.com\\\/ca\\\/#\\\/schema\\\/person\\\/c0e9205b006a5bef52718da3e1d5cc22\",\"name\":\"Marta\",\"image\":{\"@type\":\"ImageObject\",\"inLanguage\":\"ca\",\"@id\":\"https:\\\/\\\/secure.gravatar.com\\\/avatar\\\/71257321272d7c2caea2b42ea370423d556c259de802dfa6e76465ad9664b3eb?s=96&d=mm&r=g\",\"url\":\"https:\\\/\\\/secure.gravatar.com\\\/avatar\\\/71257321272d7c2caea2b42ea370423d556c259de802dfa6e76465ad9664b3eb?s=96&d=mm&r=g\",\"contentUrl\":\"https:\\\/\\\/secure.gravatar.com\\\/avatar\\\/71257321272d7c2caea2b42ea370423d556c259de802dfa6e76465ad9664b3eb?s=96&d=mm&r=g\",\"caption\":\"Marta\"},\"url\":\"https:\\\/\\\/customsailingcb.com\\\/ca\\\/author\\\/marta\\\/\"}]}<\/script>\n<!-- \/ Yoast SEO plugin. -->","yoast_head_json":{"title":"Manteniment i pupil\u00b7latge d'embarcacions a la Costa Brava","description":"Servei professional de manteniment i pupil\u00b7latge d'embarcacions a la Costa Brava. Retirada del port, hivernatge a marina seca, posada a punt i entrega al comen\u00e7ament de temporada.","robots":{"index":"index","follow":"follow","max-snippet":"max-snippet:-1","max-image-preview":"max-image-preview:large","max-video-preview":"max-video-preview:-1"},"canonical":"https:\/\/customsailingcb.com\/ca\/manteniment-i-pupil%c2%b7latge-dembarcacions-a-la-costa-brava\/","og_locale":"ca_ES","og_type":"article","og_title":"Manteniment i pupil\u00b7latge d'embarcacions a la Costa Brava","og_description":"Servei professional de manteniment i pupil\u00b7latge d'embarcacions a la Costa Brava. Retirada del port, hivernatge a marina seca, posada a punt i entrega al comen\u00e7ament de temporada.","og_url":"https:\/\/customsailingcb.com\/ca\/manteniment-i-pupil%c2%b7latge-dembarcacions-a-la-costa-brava\/","og_site_name":"Custom sailing CB, Lloguer embarcacions Costa Brava","article_publisher":"https:\/\/www.facebook.com\/customsailingcostabrava","article_published_time":"2026-01-19T17:24:22+00:00","article_modified_time":"2026-02-05T20:01:24+00:00","og_image":[{"width":1600,"height":1200,"url":"https:\/\/customsailingcb.com\/wp-content\/uploads\/2026\/01\/marina-seca-3.jpeg","type":"image\/jpeg"}],"author":"Marta","twitter_card":"summary_large_image","twitter_misc":{"Escrit per":"Marta","Temps estimat de lectura":"3 minuts"},"schema":{"@context":"https:\/\/schema.org","@graph":[{"@type":"Article","@id":"https:\/\/customsailingcb.com\/ca\/manteniment-i-pupil%c2%b7latge-dembarcacions-a-la-costa-brava\/#article","isPartOf":{"@id":"https:\/\/customsailingcb.com\/ca\/manteniment-i-pupil%c2%b7latge-dembarcacions-a-la-costa-brava\/"},"author":{"name":"Marta","@id":"https:\/\/customsailingcb.com\/ca\/#\/schema\/person\/c0e9205b006a5bef52718da3e1d5cc22"},"headline":"Manteniment i pupil\u00b7latge d&#8217;embarcacions a la Costa Brava","datePublished":"2026-01-19T17:24:22+00:00","dateModified":"2026-02-05T20:01:24+00:00","mainEntityOfPage":{"@id":"https:\/\/customsailingcb.com\/ca\/manteniment-i-pupil%c2%b7latge-dembarcacions-a-la-costa-brava\/"},"wordCount":598,"publisher":{"@id":"https:\/\/customsailingcb.com\/ca\/#organization"},"image":{"@id":"https:\/\/customsailingcb.com\/ca\/manteniment-i-pupil%c2%b7latge-dembarcacions-a-la-costa-brava\/#primaryimage"},"thumbnailUrl":"https:\/\/customsailingcb.com\/wp-content\/uploads\/2026\/01\/marina-seca-3.jpeg","articleSection":["Blog"],"inLanguage":"ca"},{"@type":"WebPage","@id":"https:\/\/customsailingcb.com\/ca\/manteniment-i-pupil%c2%b7latge-dembarcacions-a-la-costa-brava\/","url":"https:\/\/customsailingcb.com\/ca\/manteniment-i-pupil%c2%b7latge-dembarcacions-a-la-costa-brava\/","name":"Manteniment i pupil\u00b7latge d'embarcacions a la Costa Brava","isPartOf":{"@id":"https:\/\/customsailingcb.com\/ca\/#website"},"primaryImageOfPage":{"@id":"https:\/\/customsailingcb.com\/ca\/manteniment-i-pupil%c2%b7latge-dembarcacions-a-la-costa-brava\/#primaryimage"},"image":{"@id":"https:\/\/customsailingcb.com\/ca\/manteniment-i-pupil%c2%b7latge-dembarcacions-a-la-costa-brava\/#primaryimage"},"thumbnailUrl":"https:\/\/customsailingcb.com\/wp-content\/uploads\/2026\/01\/marina-seca-3.jpeg","datePublished":"2026-01-19T17:24:22+00:00","dateModified":"2026-02-05T20:01:24+00:00","description":"Servei professional de manteniment i pupil\u00b7latge d'embarcacions a la Costa Brava. Retirada del port, hivernatge a marina seca, posada a punt i entrega al comen\u00e7ament de temporada.","breadcrumb":{"@id":"https:\/\/customsailingcb.com\/ca\/manteniment-i-pupil%c2%b7latge-dembarcacions-a-la-costa-brava\/#breadcrumb"},"inLanguage":"ca","potentialAction":[{"@type":"ReadAction","target":["https:\/\/customsailingcb.com\/ca\/manteniment-i-pupil%c2%b7latge-dembarcacions-a-la-costa-brava\/"]}]},{"@type":"ImageObject","inLanguage":"ca","@id":"https:\/\/customsailingcb.com\/ca\/manteniment-i-pupil%c2%b7latge-dembarcacions-a-la-costa-brava\/#primaryimage","url":"https:\/\/customsailingcb.com\/wp-content\/uploads\/2026\/01\/marina-seca-3.jpeg","contentUrl":"https:\/\/customsailingcb.com\/wp-content\/uploads\/2026\/01\/marina-seca-3.jpeg","width":1600,"height":1200,"caption":"marina seca Custom"},{"@type":"BreadcrumbList","@id":"https:\/\/customsailingcb.com\/ca\/manteniment-i-pupil%c2%b7latge-dembarcacions-a-la-costa-brava\/#breadcrumb","itemListElement":[{"@type":"ListItem","position":1,"name":"Inicio","item":"https:\/\/customsailingcb.com\/ca\/"},{"@type":"ListItem","position":2,"name":"Manteniment i pupil\u00b7latge d&#8217;embarcacions a la Costa Brava"}]},{"@type":"WebSite","@id":"https:\/\/customsailingcb.com\/ca\/#website","url":"https:\/\/customsailingcb.com\/ca\/","name":"Custom Sailing CB","description":"Lloguer embarcacions Costa Brava","publisher":{"@id":"https:\/\/customsailingcb.com\/ca\/#organization"},"alternateName":"CustomSailingCB.com","potentialAction":[{"@type":"SearchAction","target":{"@type":"EntryPoint","urlTemplate":"https:\/\/customsailingcb.com\/ca\/?s={search_term_string}"},"query-input":{"@type":"PropertyValueSpecification","valueRequired":true,"valueName":"search_term_string"}}],"inLanguage":"ca"},{"@type":"Organization","@id":"https:\/\/customsailingcb.com\/ca\/#organization","name":"Custom Sailing CB","alternateName":"Custom Sailing Costa Brava","url":"https:\/\/customsailingcb.com\/ca\/","logo":{"@type":"ImageObject","inLanguage":"ca","@id":"https:\/\/customsailingcb.com\/ca\/#\/schema\/logo\/image\/","url":"https:\/\/www.customsailingcb.com\/wp-content\/uploads\/2025\/01\/Logo_customsailing-scaled.webp","contentUrl":"https:\/\/www.customsailingcb.com\/wp-content\/uploads\/2025\/01\/Logo_customsailing-scaled.webp","width":2560,"height":1085,"caption":"Custom Sailing CB"},"image":{"@id":"https:\/\/customsailingcb.com\/ca\/#\/schema\/logo\/image\/"},"sameAs":["https:\/\/www.facebook.com\/customsailingcostabrava","https:\/\/www.instagram.com\/customsailing\/"]},{"@type":"Person","@id":"https:\/\/customsailingcb.com\/ca\/#\/schema\/person\/c0e9205b006a5bef52718da3e1d5cc22","name":"Marta","image":{"@type":"ImageObject","inLanguage":"ca","@id":"https:\/\/secure.gravatar.com\/avatar\/71257321272d7c2caea2b42ea370423d556c259de802dfa6e76465ad9664b3eb?s=96&d=mm&r=g","url":"https:\/\/secure.gravatar.com\/avatar\/71257321272d7c2caea2b42ea370423d556c259de802dfa6e76465ad9664b3eb?s=96&d=mm&r=g","contentUrl":"https:\/\/secure.gravatar.com\/avatar\/71257321272d7c2caea2b42ea370423d556c259de802dfa6e76465ad9664b3eb?s=96&d=mm&r=g","caption":"Marta"},"url":"https:\/\/customsailingcb.com\/ca\/author\/marta\/"}]}},"_links":{"self":[{"href":"https:\/\/customsailingcb.com\/ca\/wp-json\/wp\/v2\/posts\/5763","targetHints":{"allow":["GET"]}}],"collection":[{"href":"https:\/\/customsailingcb.com\/ca\/wp-json\/wp\/v2\/posts"}],"about":[{"href":"https:\/\/customsailingcb.com\/ca\/wp-json\/wp\/v2\/types\/post"}],"author":[{"embeddable":true,"href":"https:\/\/customsailingcb.com\/ca\/wp-json\/wp\/v2\/users\/2"}],"replies":[{"embeddable":true,"href":"https:\/\/customsailingcb.com\/ca\/wp-json\/wp\/v2\/comments?post=5763"}],"version-history":[{"count":0,"href":"https:\/\/customsailingcb.com\/ca\/wp-json\/wp\/v2\/posts\/5763\/revisions"}],"wp:featuredmedia":[{"embeddable":true,"href":"https:\/\/customsailingcb.com\/ca\/wp-json\/wp\/v2\/media\/5762"}],"wp:attachment":[{"href":"https:\/\/customsailingcb.com\/ca\/wp-json\/wp\/v2\/media?parent=5763"}],"wp:term":[{"taxonomy":"category","embeddable":true,"href":"https:\/\/customsailingcb.com\/ca\/wp-json\/wp\/v2\/categories?post=5763"},{"taxonomy":"post_tag","embeddable":true,"href":"https:\/\/customsailingcb.com\/ca\/wp-json\/wp\/v2\/tags?post=5763"}],"curies":[{"name":"wp","href":"https:\/\/api.w.org\/{rel}","templated":true}]}}