{"id":5817,"date":"2026-02-11T18:10:30","date_gmt":"2026-02-11T18:10:30","guid":{"rendered":"https:\/\/customsailingcb.com\/?p=5817"},"modified":"2026-02-11T18:10:30","modified_gmt":"2026-02-11T18:10:30","slug":"sortida-barca-adaptada-palamos-costa-brava","status":"publish","type":"post","link":"https:\/\/customsailingcb.com\/ca\/sortida-barca-adaptada-palamos-costa-brava\/","title":{"rendered":"Sortida en barca adaptada per a persones amb discapacitat f\u00edsica i problemes de mobilitat"},"content":{"rendered":"\r\n<p data-start=\"271\" data-end=\"585\">Gaudir del mar hauria de ser una experi\u00e8ncia accessible per a tothom. A <strong data-start=\"343\" data-end=\"373\">Custom Sailing Costa Brava<\/strong> apostem per un turisme mar\u00edtim inclusiu i oferim <strong data-start=\"423\" data-end=\"513\">sortides en barca adaptades per a persones amb discapacitat f\u00edsica o mobilitat redu\u00efda<\/strong>, perqu\u00e8 ning\u00fa hagi de renunciar a descobrir la Costa Brava des del mar.<\/p>\r\n<p data-start=\"587\" data-end=\"793\">Les nostres excursions mantenen la mateixa qualitat, itineraris i experi\u00e8ncies que la resta de sortides, per\u00f2 amb una embarcaci\u00f3 preparada espec\u00edficament per facilitar l\u2019acc\u00e9s i el bany amb total seguretat.<\/p>\r\n<h2 data-start=\"800\" data-end=\"848\">Una embarcaci\u00f3 cl\u00e0ssica adaptada i accessible<\/h2>\r\n<p data-start=\"850\" data-end=\"979\">Les sortides es realitzen amb una <strong data-start=\"884\" data-end=\"916\">embarcaci\u00f3 cl\u00e0ssica adaptada<\/strong>, equipada amb una <strong data-start=\"935\" data-end=\"966\">plataforma elevadora a popa<\/strong>, que permet:<\/p>\r\n<ul data-start=\"981\" data-end=\"1218\">\r\n<li data-start=\"981\" data-end=\"1063\">\r\n<p data-start=\"983\" data-end=\"1063\">Facilitar l\u2019<strong data-start=\"995\" data-end=\"1021\">embarcament i desembarcament<\/strong>\u00a0de persones amb problemes de mobilitat.<\/p>\r\n<\/li>\r\n<li data-start=\"1064\" data-end=\"1134\">\r\n<p data-start=\"1066\" data-end=\"1134\">Accedir a l\u2019aigua de manera segura per <strong data-start=\"1105\" data-end=\"1131\">gaudir del bany al mar<\/strong>.<\/p>\r\n<\/li>\r\n<li data-start=\"1135\" data-end=\"1218\">\r\n<p data-start=\"1137\" data-end=\"1218\">Augmentar l\u2019autonomia i la comoditat dels participants durant tota l\u2019experi\u00e8ncia.<\/p>\r\n<\/li>\r\n<\/ul>\r\n<p data-start=\"1220\" data-end=\"1379\">Aquesta adaptaci\u00f3 converteix la sortida en una activitat realment inclusiva, pensada tant per a la persona amb mobilitat redu\u00efda com per als seus acompanyants.<\/p>\r\n<p data-start=\"1220\" data-end=\"1379\"><img fetchpriority=\"high\" decoding=\"async\" class=\"alignnone wp-image-5819 size-large\" src=\"https:\/\/customsailingcb.com\/wp-content\/uploads\/2026\/02\/GENERAL-1024x683.jpg\" alt=\"\" width=\"1024\" height=\"683\" srcset=\"https:\/\/customsailingcb.com\/wp-content\/uploads\/2026\/02\/GENERAL-1024x683.jpg 1024w, https:\/\/customsailingcb.com\/wp-content\/uploads\/2026\/02\/GENERAL-300x200.jpg 300w, https:\/\/customsailingcb.com\/wp-content\/uploads\/2026\/02\/GENERAL-768x512.jpg 768w, https:\/\/customsailingcb.com\/wp-content\/uploads\/2026\/02\/GENERAL-600x400.jpg 600w, https:\/\/customsailingcb.com\/wp-content\/uploads\/2026\/02\/GENERAL.jpg 1280w\" sizes=\"(max-width: 1024px) 100vw, 1024px\" \/><\/p>\r\n<h2 data-start=\"1386\" data-end=\"1423\">Sortida des de Palam\u00f3s Port Marina<\/h2>\r\n<p data-start=\"1425\" data-end=\"1723\">El <strong data-start=\"1428\" data-end=\"1481\">punt de sortida \u00e9s el moll de Palam\u00f3s Port Marina<\/strong>, una ubicaci\u00f3 c\u00f2moda i accessible que facilita l\u2019arribada i l\u2019embarcament. Des d\u2019aqu\u00ed, naveguem per alguns dels trams m\u00e9s emblem\u00e0tics de la <strong data-start=\"1622\" data-end=\"1637\">Costa Brava<\/strong>, amb cales d\u2019aig\u00fces transparents, paisatge natural i zones tranquil\u00b7les per fondejar.<\/p>\r\n<h2 data-start=\"1730\" data-end=\"1804\">Una experi\u00e8ncia completa, com qualsevol altra sortida de Custom Sailing<\/h2>\r\n<p data-start=\"1806\" data-end=\"1935\">Les <strong data-start=\"1810\" data-end=\"1832\">sortides adaptades<\/strong> mantenen les mateixes caracter\u00edstiques que la resta d\u2019excursions mar\u00edtimes personalitzades que oferim:<\/p>\r\n<ul data-start=\"1937\" data-end=\"2288\">\r\n<li data-start=\"1937\" data-end=\"2012\">\r\n<p data-start=\"1939\" data-end=\"2012\">\ud83d\uddfa\ufe0f <strong data-start=\"1943\" data-end=\"1964\">Itineraris a mida<\/strong> segons la durada i les prefer\u00e8ncies del grup.<\/p>\r\n<\/li>\r\n<li data-start=\"2013\" data-end=\"2076\">\r\n<p data-start=\"2015\" data-end=\"2076\">\ud83c\udf0a <strong data-start=\"2018\" data-end=\"2043\">Parades per banyar-se<\/strong> en cales protegides i segures.<\/p>\r\n<\/li>\r\n<li data-start=\"2077\" data-end=\"2125\">\r\n<p data-start=\"2079\" data-end=\"2125\">\ud83c\udf77 <strong data-start=\"2082\" data-end=\"2101\">Aperitiu a bord<\/strong> amb productes locals.<\/p>\r\n<\/li>\r\n<li data-start=\"2126\" data-end=\"2207\">\r\n<p data-start=\"2128\" data-end=\"2207\">\ud83e\uddd8\u200d\u2642\ufe0f <strong data-start=\"2134\" data-end=\"2159\">Navegaci\u00f3 tranquil\u00b7la<\/strong>, pensada per relaxar-se i gaudir de l\u2019entorn.<\/p>\r\n<\/li>\r\n<li data-start=\"2208\" data-end=\"2288\">\r\n<p data-start=\"2210\" data-end=\"2288\">\ud83d\udc68\u200d\u2708\ufe0f <strong data-start=\"2216\" data-end=\"2253\">Patr\u00f3 professional i experimentat<\/strong>, atent a les necessitats del grup.<\/p>\r\n<\/li>\r\n<\/ul>\r\n<p data-start=\"2290\" data-end=\"2427\">Tot est\u00e0 dissenyat perqu\u00e8 l\u2019experi\u00e8ncia sigui c\u00f2moda, segura i enriquidora, sense difer\u00e8ncies respecte a qualsevol altra sortida privada.<\/p>\r\n<h2 data-start=\"2434\" data-end=\"2507\">Turisme inclusiu i experi\u00e8ncies mar\u00edtimes accessibles a la Costa Brava<\/h2>\r\n<p data-start=\"2509\" data-end=\"2817\">A Custom Sailing Costa Brava entenem el mar com un espai de benestar, llibertat i connexi\u00f3 amb la natura. Per aix\u00f2 treballem perqu\u00e8 les <strong data-start=\"2645\" data-end=\"2700\">experi\u00e8ncies mar\u00edtimes accessibles a la Costa Brava<\/strong> siguin una realitat, integrant adaptacions reals sense renunciar a la qualitat, l\u2019autenticitat i la personalitzaci\u00f3.<\/p>\r\n<p data-start=\"2819\" data-end=\"2861\">Aquest tipus de sortides s\u00f3n ideals per a:<\/p>\r\n<ul data-start=\"2862\" data-end=\"3012\">\r\n<li data-start=\"2862\" data-end=\"2899\">\r\n<p data-start=\"2864\" data-end=\"2899\">Persones amb discapacitat f\u00edsica.<\/p>\r\n<\/li>\r\n<li data-start=\"2900\" data-end=\"2944\">\r\n<p data-start=\"2902\" data-end=\"2944\">Persones amb mobilitat redu\u00efda temporal.<\/p>\r\n<\/li>\r\n<li data-start=\"2945\" data-end=\"3012\">\r\n<p data-start=\"2947\" data-end=\"3012\">Fam\u00edlies i grups que volen compartir una experi\u00e8ncia inclusiva.<\/p>\r\n<\/li>\r\n<\/ul>\r\n<h2 data-start=\"3019\" data-end=\"3062\">Descobreix la Costa Brava sense barreres<\/h2>\r\n<p data-start=\"3064\" data-end=\"3301\">Navegar, banyar-se, fondejar en una cala i gaudir d\u2019un aperitiu a bord \u00e9s possible per a tothom. Les nostres <strong data-start=\"3173\" data-end=\"3204\">sortides en barca adaptades<\/strong> permeten viure la Costa Brava des del mar d\u2019una manera accessible, segura i plenament integrada.<\/p>\r\n<p data-start=\"3303\" data-end=\"3422\">\ud83d\udce9 <strong data-start=\"3306\" data-end=\"3332\">Contacta amb nosaltres<\/strong> per rebre informaci\u00f3 detallada i organitzar una sortida adaptada a les teves necessitats.<\/p>\r\n\r\n\r\n\r\n<p><a href=\"https:\/\/customsailingcb.com\/en\/contact\/\">Contact &#8211; Custom sailing CB, Boat rental Costa Brava<\/a><\/p>\r\n","protected":false},"excerpt":{"rendered":"<p>Cala Foradada desde la menorquina<\/p>\n","protected":false},"author":2,"featured_media":5818,"comment_status":"closed","ping_status":"open","sticky":false,"template":"","format":"standard","meta":{"_acf_changed":false,"site-sidebar-layout":"default","site-content-layout":"","ast-site-content-layout":"default","site-content-style":"default","site-sidebar-style":"default","ast-global-header-display":"","ast-banner-title-visibility":"","ast-main-header-display":"","ast-hfb-above-header-display":"","ast-hfb-below-header-display":"","ast-hfb-mobile-header-display":"","site-post-title":"","ast-breadcrumbs-content":"","ast-featured-img":"","footer-sml-layout":"","ast-disable-related-posts":"","theme-transparent-header-meta":"default","adv-header-id-meta":"","stick-header-meta":"","header-above-stick-meta":"","header-main-stick-meta":"","header-below-stick-meta":"","astra-migrate-meta-layouts":"set","ast-page-background-enabled":"default","ast-page-background-meta":{"desktop":{"background-color":"var(--ast-global-color-5)","background-image":"","background-repeat":"repeat","background-position":"center center","background-size":"auto","background-attachment":"scroll","background-type":"","background-media":"","overlay-type":"","overlay-color":"","overlay-opacity":"","overlay-gradient":""},"tablet":{"background-color":"","background-image":"","background-repeat":"repeat","background-position":"center center","background-size":"auto","background-attachment":"scroll","background-type":"","background-media":"","overlay-type":"","overlay-color":"","overlay-opacity":"","overlay-gradient":""},"mobile":{"background-color":"","background-image":"","background-repeat":"repeat","background-position":"center center","background-size":"auto","background-attachment":"scroll","background-type":"","background-media":"","overlay-type":"","overlay-color":"","overlay-opacity":"","overlay-gradient":""}},"ast-content-background-meta":{"desktop":{"background-color":"var(--ast-global-color-4)","background-image":"","background-repeat":"repeat","background-position":"center center","background-size":"auto","background-attachment":"scroll","background-type":"","background-media":"","overlay-type":"","overlay-color":"","overlay-opacity":"","overlay-gradient":""},"tablet":{"background-color":"var(--ast-global-color-4)","background-image":"","background-repeat":"repeat","background-position":"center center","background-size":"auto","background-attachment":"scroll","background-type":"","background-media":"","overlay-type":"","overlay-color":"","overlay-opacity":"","overlay-gradient":""},"mobile":{"background-color":"var(--ast-global-color-4)","background-image":"","background-repeat":"repeat","background-position":"center center","background-size":"auto","background-attachment":"scroll","background-type":"","background-media":"","overlay-type":"","overlay-color":"","overlay-opacity":"","overlay-gradient":""}},"footnotes":""},"categories":[175],"tags":[],"class_list":["post-5817","post","type-post","status-publish","format-standard","has-post-thumbnail","hentry","category-blog-ca"],"acf":[],"yoast_head":"<!-- This site is optimized with the Yoast SEO plugin v27.4 - https:\/\/yoast.com\/product\/yoast-seo-wordpress\/ -->\n<title>Sortida en barca adaptada a Palam\u00f3s<\/title>\n<meta name=\"description\" content=\"Sortides en barca adaptades per a persones amb mobilitat redu\u00efda des de Palam\u00f3s. Embarcaci\u00f3 accessible amb plataforma elevadora per gaudir del mar.\" \/>\n<meta name=\"robots\" content=\"index, follow, max-snippet:-1, max-image-preview:large, max-video-preview:-1\" \/>\n<link rel=\"canonical\" href=\"https:\/\/customsailingcb.com\/ca\/sortida-barca-adaptada-palamos-costa-brava\/\" \/>\n<meta property=\"og:locale\" content=\"ca_ES\" \/>\n<meta property=\"og:type\" content=\"article\" \/>\n<meta property=\"og:title\" content=\"Sortida en barca adaptada a Palam\u00f3s\" \/>\n<meta property=\"og:description\" content=\"Sortides en barca adaptades per a persones amb mobilitat redu\u00efda des de Palam\u00f3s. Embarcaci\u00f3 accessible amb plataforma elevadora per gaudir del mar.\" \/>\n<meta property=\"og:url\" content=\"https:\/\/customsailingcb.com\/ca\/sortida-barca-adaptada-palamos-costa-brava\/\" \/>\n<meta property=\"og:site_name\" content=\"Custom sailing CB, Lloguer embarcacions Costa Brava\" \/>\n<meta property=\"article:publisher\" content=\"https:\/\/www.facebook.com\/customsailingcostabrava\" \/>\n<meta property=\"article:published_time\" content=\"2026-02-11T18:10:30+00:00\" \/>\n<meta property=\"og:image\" content=\"https:\/\/customsailingcb.com\/wp-content\/uploads\/2026\/02\/Barca-accesible-popa.jpg\" \/>\n\t<meta property=\"og:image:width\" content=\"2000\" \/>\n\t<meta property=\"og:image:height\" content=\"1500\" \/>\n\t<meta property=\"og:image:type\" content=\"image\/jpeg\" \/>\n<meta name=\"author\" content=\"Marta\" \/>\n<meta name=\"twitter:card\" content=\"summary_large_image\" \/>\n<meta name=\"twitter:label1\" content=\"Escrit per\" \/>\n\t<meta name=\"twitter:data1\" content=\"Marta\" \/>\n\t<meta name=\"twitter:label2\" content=\"Temps estimat de lectura\" \/>\n\t<meta name=\"twitter:data2\" content=\"3 minuts\" \/>\n<script type=\"application\/ld+json\" class=\"yoast-schema-graph\">{\"@context\":\"https:\\\/\\\/schema.org\",\"@graph\":[{\"@type\":\"Article\",\"@id\":\"https:\\\/\\\/customsailingcb.com\\\/ca\\\/sortida-barca-adaptada-palamos-costa-brava\\\/#article\",\"isPartOf\":{\"@id\":\"https:\\\/\\\/customsailingcb.com\\\/ca\\\/sortida-barca-adaptada-palamos-costa-brava\\\/\"},\"author\":{\"name\":\"Marta\",\"@id\":\"https:\\\/\\\/customsailingcb.com\\\/ca\\\/#\\\/schema\\\/person\\\/c0e9205b006a5bef52718da3e1d5cc22\"},\"headline\":\"Sortida en barca adaptada per a persones amb discapacitat f\u00edsica i problemes de mobilitat\",\"datePublished\":\"2026-02-11T18:10:30+00:00\",\"mainEntityOfPage\":{\"@id\":\"https:\\\/\\\/customsailingcb.com\\\/ca\\\/sortida-barca-adaptada-palamos-costa-brava\\\/\"},\"wordCount\":515,\"publisher\":{\"@id\":\"https:\\\/\\\/customsailingcb.com\\\/ca\\\/#organization\"},\"image\":{\"@id\":\"https:\\\/\\\/customsailingcb.com\\\/ca\\\/sortida-barca-adaptada-palamos-costa-brava\\\/#primaryimage\"},\"thumbnailUrl\":\"https:\\\/\\\/customsailingcb.com\\\/wp-content\\\/uploads\\\/2026\\\/02\\\/Barca-accesible-popa.jpg\",\"articleSection\":[\"Blog\"],\"inLanguage\":\"ca\"},{\"@type\":\"WebPage\",\"@id\":\"https:\\\/\\\/customsailingcb.com\\\/ca\\\/sortida-barca-adaptada-palamos-costa-brava\\\/\",\"url\":\"https:\\\/\\\/customsailingcb.com\\\/ca\\\/sortida-barca-adaptada-palamos-costa-brava\\\/\",\"name\":\"Sortida en barca adaptada a Palam\u00f3s\",\"isPartOf\":{\"@id\":\"https:\\\/\\\/customsailingcb.com\\\/ca\\\/#website\"},\"primaryImageOfPage\":{\"@id\":\"https:\\\/\\\/customsailingcb.com\\\/ca\\\/sortida-barca-adaptada-palamos-costa-brava\\\/#primaryimage\"},\"image\":{\"@id\":\"https:\\\/\\\/customsailingcb.com\\\/ca\\\/sortida-barca-adaptada-palamos-costa-brava\\\/#primaryimage\"},\"thumbnailUrl\":\"https:\\\/\\\/customsailingcb.com\\\/wp-content\\\/uploads\\\/2026\\\/02\\\/Barca-accesible-popa.jpg\",\"datePublished\":\"2026-02-11T18:10:30+00:00\",\"description\":\"Sortides en barca adaptades per a persones amb mobilitat redu\u00efda des de Palam\u00f3s. Embarcaci\u00f3 accessible amb plataforma elevadora per gaudir del mar.\",\"breadcrumb\":{\"@id\":\"https:\\\/\\\/customsailingcb.com\\\/ca\\\/sortida-barca-adaptada-palamos-costa-brava\\\/#breadcrumb\"},\"inLanguage\":\"ca\",\"potentialAction\":[{\"@type\":\"ReadAction\",\"target\":[\"https:\\\/\\\/customsailingcb.com\\\/ca\\\/sortida-barca-adaptada-palamos-costa-brava\\\/\"]}]},{\"@type\":\"ImageObject\",\"inLanguage\":\"ca\",\"@id\":\"https:\\\/\\\/customsailingcb.com\\\/ca\\\/sortida-barca-adaptada-palamos-costa-brava\\\/#primaryimage\",\"url\":\"https:\\\/\\\/customsailingcb.com\\\/wp-content\\\/uploads\\\/2026\\\/02\\\/Barca-accesible-popa.jpg\",\"contentUrl\":\"https:\\\/\\\/customsailingcb.com\\\/wp-content\\\/uploads\\\/2026\\\/02\\\/Barca-accesible-popa.jpg\",\"width\":2000,\"height\":1500},{\"@type\":\"BreadcrumbList\",\"@id\":\"https:\\\/\\\/customsailingcb.com\\\/ca\\\/sortida-barca-adaptada-palamos-costa-brava\\\/#breadcrumb\",\"itemListElement\":[{\"@type\":\"ListItem\",\"position\":1,\"name\":\"Inicio\",\"item\":\"https:\\\/\\\/customsailingcb.com\\\/ca\\\/\"},{\"@type\":\"ListItem\",\"position\":2,\"name\":\"Sortida en barca adaptada per a persones amb discapacitat f\u00edsica i problemes de mobilitat\"}]},{\"@type\":\"WebSite\",\"@id\":\"https:\\\/\\\/customsailingcb.com\\\/ca\\\/#website\",\"url\":\"https:\\\/\\\/customsailingcb.com\\\/ca\\\/\",\"name\":\"Custom Sailing CB\",\"description\":\"Lloguer embarcacions Costa Brava\",\"publisher\":{\"@id\":\"https:\\\/\\\/customsailingcb.com\\\/ca\\\/#organization\"},\"alternateName\":\"CustomSailingCB.com\",\"potentialAction\":[{\"@type\":\"SearchAction\",\"target\":{\"@type\":\"EntryPoint\",\"urlTemplate\":\"https:\\\/\\\/customsailingcb.com\\\/ca\\\/?s={search_term_string}\"},\"query-input\":{\"@type\":\"PropertyValueSpecification\",\"valueRequired\":true,\"valueName\":\"search_term_string\"}}],\"inLanguage\":\"ca\"},{\"@type\":\"Organization\",\"@id\":\"https:\\\/\\\/customsailingcb.com\\\/ca\\\/#organization\",\"name\":\"Custom Sailing CB\",\"alternateName\":\"Custom Sailing Costa Brava\",\"url\":\"https:\\\/\\\/customsailingcb.com\\\/ca\\\/\",\"logo\":{\"@type\":\"ImageObject\",\"inLanguage\":\"ca\",\"@id\":\"https:\\\/\\\/customsailingcb.com\\\/ca\\\/#\\\/schema\\\/logo\\\/image\\\/\",\"url\":\"https:\\\/\\\/www.customsailingcb.com\\\/wp-content\\\/uploads\\\/2025\\\/01\\\/Logo_customsailing-scaled.webp\",\"contentUrl\":\"https:\\\/\\\/www.customsailingcb.com\\\/wp-content\\\/uploads\\\/2025\\\/01\\\/Logo_customsailing-scaled.webp\",\"width\":2560,\"height\":1085,\"caption\":\"Custom Sailing CB\"},\"image\":{\"@id\":\"https:\\\/\\\/customsailingcb.com\\\/ca\\\/#\\\/schema\\\/logo\\\/image\\\/\"},\"sameAs\":[\"https:\\\/\\\/www.facebook.com\\\/customsailingcostabrava\",\"https:\\\/\\\/www.instagram.com\\\/customsailing\\\/\"]},{\"@type\":\"Person\",\"@id\":\"https:\\\/\\\/customsailingcb.com\\\/ca\\\/#\\\/schema\\\/person\\\/c0e9205b006a5bef52718da3e1d5cc22\",\"name\":\"Marta\",\"image\":{\"@type\":\"ImageObject\",\"inLanguage\":\"ca\",\"@id\":\"https:\\\/\\\/secure.gravatar.com\\\/avatar\\\/71257321272d7c2caea2b42ea370423d556c259de802dfa6e76465ad9664b3eb?s=96&d=mm&r=g\",\"url\":\"https:\\\/\\\/secure.gravatar.com\\\/avatar\\\/71257321272d7c2caea2b42ea370423d556c259de802dfa6e76465ad9664b3eb?s=96&d=mm&r=g\",\"contentUrl\":\"https:\\\/\\\/secure.gravatar.com\\\/avatar\\\/71257321272d7c2caea2b42ea370423d556c259de802dfa6e76465ad9664b3eb?s=96&d=mm&r=g\",\"caption\":\"Marta\"},\"url\":\"https:\\\/\\\/customsailingcb.com\\\/ca\\\/author\\\/marta\\\/\"}]}<\/script>\n<!-- \/ Yoast SEO plugin. -->","yoast_head_json":{"title":"Sortida en barca adaptada a Palam\u00f3s","description":"Sortides en barca adaptades per a persones amb mobilitat redu\u00efda des de Palam\u00f3s. Embarcaci\u00f3 accessible amb plataforma elevadora per gaudir del mar.","robots":{"index":"index","follow":"follow","max-snippet":"max-snippet:-1","max-image-preview":"max-image-preview:large","max-video-preview":"max-video-preview:-1"},"canonical":"https:\/\/customsailingcb.com\/ca\/sortida-barca-adaptada-palamos-costa-brava\/","og_locale":"ca_ES","og_type":"article","og_title":"Sortida en barca adaptada a Palam\u00f3s","og_description":"Sortides en barca adaptades per a persones amb mobilitat redu\u00efda des de Palam\u00f3s. Embarcaci\u00f3 accessible amb plataforma elevadora per gaudir del mar.","og_url":"https:\/\/customsailingcb.com\/ca\/sortida-barca-adaptada-palamos-costa-brava\/","og_site_name":"Custom sailing CB, Lloguer embarcacions Costa Brava","article_publisher":"https:\/\/www.facebook.com\/customsailingcostabrava","article_published_time":"2026-02-11T18:10:30+00:00","og_image":[{"width":2000,"height":1500,"url":"https:\/\/customsailingcb.com\/wp-content\/uploads\/2026\/02\/Barca-accesible-popa.jpg","type":"image\/jpeg"}],"author":"Marta","twitter_card":"summary_large_image","twitter_misc":{"Escrit per":"Marta","Temps estimat de lectura":"3 minuts"},"schema":{"@context":"https:\/\/schema.org","@graph":[{"@type":"Article","@id":"https:\/\/customsailingcb.com\/ca\/sortida-barca-adaptada-palamos-costa-brava\/#article","isPartOf":{"@id":"https:\/\/customsailingcb.com\/ca\/sortida-barca-adaptada-palamos-costa-brava\/"},"author":{"name":"Marta","@id":"https:\/\/customsailingcb.com\/ca\/#\/schema\/person\/c0e9205b006a5bef52718da3e1d5cc22"},"headline":"Sortida en barca adaptada per a persones amb discapacitat f\u00edsica i problemes de mobilitat","datePublished":"2026-02-11T18:10:30+00:00","mainEntityOfPage":{"@id":"https:\/\/customsailingcb.com\/ca\/sortida-barca-adaptada-palamos-costa-brava\/"},"wordCount":515,"publisher":{"@id":"https:\/\/customsailingcb.com\/ca\/#organization"},"image":{"@id":"https:\/\/customsailingcb.com\/ca\/sortida-barca-adaptada-palamos-costa-brava\/#primaryimage"},"thumbnailUrl":"https:\/\/customsailingcb.com\/wp-content\/uploads\/2026\/02\/Barca-accesible-popa.jpg","articleSection":["Blog"],"inLanguage":"ca"},{"@type":"WebPage","@id":"https:\/\/customsailingcb.com\/ca\/sortida-barca-adaptada-palamos-costa-brava\/","url":"https:\/\/customsailingcb.com\/ca\/sortida-barca-adaptada-palamos-costa-brava\/","name":"Sortida en barca adaptada a Palam\u00f3s","isPartOf":{"@id":"https:\/\/customsailingcb.com\/ca\/#website"},"primaryImageOfPage":{"@id":"https:\/\/customsailingcb.com\/ca\/sortida-barca-adaptada-palamos-costa-brava\/#primaryimage"},"image":{"@id":"https:\/\/customsailingcb.com\/ca\/sortida-barca-adaptada-palamos-costa-brava\/#primaryimage"},"thumbnailUrl":"https:\/\/customsailingcb.com\/wp-content\/uploads\/2026\/02\/Barca-accesible-popa.jpg","datePublished":"2026-02-11T18:10:30+00:00","description":"Sortides en barca adaptades per a persones amb mobilitat redu\u00efda des de Palam\u00f3s. Embarcaci\u00f3 accessible amb plataforma elevadora per gaudir del mar.","breadcrumb":{"@id":"https:\/\/customsailingcb.com\/ca\/sortida-barca-adaptada-palamos-costa-brava\/#breadcrumb"},"inLanguage":"ca","potentialAction":[{"@type":"ReadAction","target":["https:\/\/customsailingcb.com\/ca\/sortida-barca-adaptada-palamos-costa-brava\/"]}]},{"@type":"ImageObject","inLanguage":"ca","@id":"https:\/\/customsailingcb.com\/ca\/sortida-barca-adaptada-palamos-costa-brava\/#primaryimage","url":"https:\/\/customsailingcb.com\/wp-content\/uploads\/2026\/02\/Barca-accesible-popa.jpg","contentUrl":"https:\/\/customsailingcb.com\/wp-content\/uploads\/2026\/02\/Barca-accesible-popa.jpg","width":2000,"height":1500},{"@type":"BreadcrumbList","@id":"https:\/\/customsailingcb.com\/ca\/sortida-barca-adaptada-palamos-costa-brava\/#breadcrumb","itemListElement":[{"@type":"ListItem","position":1,"name":"Inicio","item":"https:\/\/customsailingcb.com\/ca\/"},{"@type":"ListItem","position":2,"name":"Sortida en barca adaptada per a persones amb discapacitat f\u00edsica i problemes de mobilitat"}]},{"@type":"WebSite","@id":"https:\/\/customsailingcb.com\/ca\/#website","url":"https:\/\/customsailingcb.com\/ca\/","name":"Custom Sailing CB","description":"Lloguer embarcacions Costa Brava","publisher":{"@id":"https:\/\/customsailingcb.com\/ca\/#organization"},"alternateName":"CustomSailingCB.com","potentialAction":[{"@type":"SearchAction","target":{"@type":"EntryPoint","urlTemplate":"https:\/\/customsailingcb.com\/ca\/?s={search_term_string}"},"query-input":{"@type":"PropertyValueSpecification","valueRequired":true,"valueName":"search_term_string"}}],"inLanguage":"ca"},{"@type":"Organization","@id":"https:\/\/customsailingcb.com\/ca\/#organization","name":"Custom Sailing CB","alternateName":"Custom Sailing Costa Brava","url":"https:\/\/customsailingcb.com\/ca\/","logo":{"@type":"ImageObject","inLanguage":"ca","@id":"https:\/\/customsailingcb.com\/ca\/#\/schema\/logo\/image\/","url":"https:\/\/www.customsailingcb.com\/wp-content\/uploads\/2025\/01\/Logo_customsailing-scaled.webp","contentUrl":"https:\/\/www.customsailingcb.com\/wp-content\/uploads\/2025\/01\/Logo_customsailing-scaled.webp","width":2560,"height":1085,"caption":"Custom Sailing CB"},"image":{"@id":"https:\/\/customsailingcb.com\/ca\/#\/schema\/logo\/image\/"},"sameAs":["https:\/\/www.facebook.com\/customsailingcostabrava","https:\/\/www.instagram.com\/customsailing\/"]},{"@type":"Person","@id":"https:\/\/customsailingcb.com\/ca\/#\/schema\/person\/c0e9205b006a5bef52718da3e1d5cc22","name":"Marta","image":{"@type":"ImageObject","inLanguage":"ca","@id":"https:\/\/secure.gravatar.com\/avatar\/71257321272d7c2caea2b42ea370423d556c259de802dfa6e76465ad9664b3eb?s=96&d=mm&r=g","url":"https:\/\/secure.gravatar.com\/avatar\/71257321272d7c2caea2b42ea370423d556c259de802dfa6e76465ad9664b3eb?s=96&d=mm&r=g","contentUrl":"https:\/\/secure.gravatar.com\/avatar\/71257321272d7c2caea2b42ea370423d556c259de802dfa6e76465ad9664b3eb?s=96&d=mm&r=g","caption":"Marta"},"url":"https:\/\/customsailingcb.com\/ca\/author\/marta\/"}]}},"_links":{"self":[{"href":"https:\/\/customsailingcb.com\/ca\/wp-json\/wp\/v2\/posts\/5817","targetHints":{"allow":["GET"]}}],"collection":[{"href":"https:\/\/customsailingcb.com\/ca\/wp-json\/wp\/v2\/posts"}],"about":[{"href":"https:\/\/customsailingcb.com\/ca\/wp-json\/wp\/v2\/types\/post"}],"author":[{"embeddable":true,"href":"https:\/\/customsailingcb.com\/ca\/wp-json\/wp\/v2\/users\/2"}],"replies":[{"embeddable":true,"href":"https:\/\/customsailingcb.com\/ca\/wp-json\/wp\/v2\/comments?post=5817"}],"version-history":[{"count":0,"href":"https:\/\/customsailingcb.com\/ca\/wp-json\/wp\/v2\/posts\/5817\/revisions"}],"wp:featuredmedia":[{"embeddable":true,"href":"https:\/\/customsailingcb.com\/ca\/wp-json\/wp\/v2\/media\/5818"}],"wp:attachment":[{"href":"https:\/\/customsailingcb.com\/ca\/wp-json\/wp\/v2\/media?parent=5817"}],"wp:term":[{"taxonomy":"category","embeddable":true,"href":"https:\/\/customsailingcb.com\/ca\/wp-json\/wp\/v2\/categories?post=5817"},{"taxonomy":"post_tag","embeddable":true,"href":"https:\/\/customsailingcb.com\/ca\/wp-json\/wp\/v2\/tags?post=5817"}],"curies":[{"name":"wp","href":"https:\/\/api.w.org\/{rel}","templated":true}]}}