{"id":5891,"date":"2026-04-13T15:27:37","date_gmt":"2026-04-13T15:27:37","guid":{"rendered":"https:\/\/customsailingcb.com\/?p=5891"},"modified":"2026-04-13T15:27:37","modified_gmt":"2026-04-13T15:27:37","slug":"custom-challenge-2026-navegant-per-una-costa-brava-amb-menys-plastics","status":"publish","type":"post","link":"https:\/\/customsailingcb.com\/ca\/custom-challenge-2026-navegant-per-una-costa-brava-amb-menys-plastics\/","title":{"rendered":"Custom Challenge 2026: navegant per una Costa Brava amb menys pl\u00e0stics"},"content":{"rendered":"&#13;\n<div class=\"flex flex-col text-sm pb-25\">&#13;\n<article class=\"text-token-text-primary w-full focus:outline-none [--shadow-height:45px] has-data-writing-block:pointer-events-none has-data-writing-block:-mt-(--shadow-height) has-data-writing-block:pt-(--shadow-height) [&amp;:has([data-writing-block])&gt;*]:pointer-events-auto scroll-mt-[calc(var(--header-height)+min(200px,max(70px,20svh)))]\" dir=\"auto\" tabindex=\"-1\" data-turn-id=\"2ea7dddd-054f-4587-9fb3-a2618796de49\" data-testid=\"conversation-turn-64\" data-scroll-anchor=\"true\" data-turn=\"assistant\">&#13;\n<div class=\"text-base my-auto mx-auto pb-10 [--thread-content-margin:--spacing(4)] @w-sm\/main:[--thread-content-margin:--spacing(6)] @w-lg\/main:[--thread-content-margin:--spacing(16)] px-(--thread-content-margin)\">&#13;\n<div class=\"[--thread-content-max-width:40rem] @w-lg\/main:[--thread-content-max-width:48rem] mx-auto max-w-(--thread-content-max-width) flex-1 group\/turn-messages focus-visible:outline-hidden relative flex w-full min-w-0 flex-col agent-turn\" tabindex=\"-1\">&#13;\n<div class=\"flex max-w-full flex-col grow\">&#13;\n<div class=\"min-h-8 text-message relative flex w-full flex-col items-end gap-2 text-start break-words whitespace-normal [.text-message+&amp;]:mt-1\" dir=\"auto\" data-message-author-role=\"assistant\" data-message-id=\"0c319005-79f0-4f5b-86bc-03daa7dea852\" data-message-model-slug=\"gpt-5-2\">&#13;\n<div class=\"flex w-full flex-col gap-1 empty:hidden first:pt-[1px]\">&#13;\n<div class=\"markdown prose dark:prose-invert w-full wrap-break-word light markdown-new-styling\">&#13;\n<p data-start=\"183\" data-end=\"499\">A <strong>Custom Sailing Costa Brava<\/strong> entenem el mar com un espai de gaudi, per\u00f2 tamb\u00e9 de responsabilitat. Per aix\u00f2, durant la temporada <strong>2026<\/strong> posem en marxa el <strong>Custom Challenge 2026<\/strong>, una iniciativa pr\u00f2pia amb qu\u00e8 <strong>incentivem als nostres clients a recollir pl\u00e0stics del mar<\/strong> durant les sortides amb vaixell.<\/p>&#13;\n<p data-start=\"501\" data-end=\"637\">Un gest senzill, voluntari i immediat que converteix cada experi\u00e8ncia mar\u00edtima en una acci\u00f3 positiva per a la salut de la Mediterr\u00e0nia.<\/p>&#13;\n<h2 data-start=\"644\" data-end=\"683\">Un petit gest amb un gran impacte<\/h2>&#13;\n<p data-start=\"685\" data-end=\"804\">El <strong>Custom Challenge<\/strong> es basa en una idea molt clara:<br\/><strong>&#8220;Agafa la bossa. Recull el pl\u00e0stic. A vegades despr\u00e9s \u00e9s mai. El mar no pot esperar.&#8221;<\/strong><\/p>&#13;\n<p data-start=\"806\" data-end=\"1026\">Durant les nostres excursions facilitem una bossa de roba perqu\u00e8, de forma espont\u00e0nia i sense alterar la ruta, els clients puguin <strong>recollir pl\u00e0stics flotants<\/strong> que trobem durant la navegaci\u00f3 o a les parades a les cales.<\/p>&#13;\n<p data-start=\"1028\" data-end=\"1159\">No \u00e9s una activitat obligat\u00f2ria, sin\u00f3 una <strong>acci\u00f3 conscient i volunt\u00e0ria<\/strong>, integrada de forma natural a l&#8217;experi\u00e8ncia.<\/p>&#13;\n<h2 data-start=\"1166\" data-end=\"1206\">Per qu\u00e8 neix el Custom Challenge 2026<\/h2>&#13;\n<p data-start=\"1208\" data-end=\"1404\">Els residus pl\u00e0stics s\u00f3n un dels problemes ambientals principals del litoral de la <strong>Costa Brava<\/strong>. Molts daquests pl\u00e0stics s\u00f3n visibles, accessibles i f\u00e0cils de retirar si s&#8217;actua a temps.<\/p>&#13;\n<p data-start=\"1406\" data-end=\"1444\">Amb el Custom Challenge 2026 volem:<\/p>&#13;\n<p data-start=\"1446\" data-end=\"1755\">? <strong>Reduir la pres\u00e8ncia de pl\u00e0stics al mar<\/strong>, sortida rere sortida.<br\/>\u267b\ufe0f <strong>Sensibilitzar els nostres clients<\/strong> sobre l&#8217;impacte dels residus.<br\/>? <strong>Implicar activament<\/strong> els qui naveguen amb nosaltres en la cura del medi mar\u00ed.<br\/>? Refor\u00e7ar el nostre comprom\u00eds amb la <strong>sostenibilitat i el turisme responsable<\/strong>.<\/p>&#13;\n<h2 data-start=\"1762\" data-end=\"1818\">Com funciona el Custom Challenge durant les sortides<\/h2>&#13;\n<p data-start=\"1820\" data-end=\"1854\">El funcionament \u00e9s molt senzill:<\/p>&#13;\n<ul data-start=\"1856\" data-end=\"2064\">&#13;\n<li data-start=\"1856\" data-end=\"1913\">&#13;\n<p data-start=\"1858\" data-end=\"1913\">Durant la sortida facilitem una <strong>bossa reutilitzable<\/strong>.<\/p>&#13;\n<\/li>&#13;\n<li data-start=\"1914\" data-end=\"1990\">&#13;\n<p data-start=\"1916\" data-end=\"1990\">Si el grup ho desitja, pot <strong>recollir pl\u00e0stics flotants<\/strong> de manera segura.<\/p>&#13;\n<\/li>&#13;\n<li data-start=\"1991\" data-end=\"2064\">&#13;\n<p data-start=\"1993\" data-end=\"2064\">En tornar a port, gestionem correctament els residus recollits.<\/p>&#13;\n<\/li>&#13;\n<\/ul>&#13;\n<p data-start=\"2066\" data-end=\"2156\">Tot aix\u00f2 sense modificar l&#8217;itinerari, el ritme ni el car\u00e0cter relaxat de lexperi\u00e8ncia.<\/p>&#13;\n<p data-start=\"2066\" data-end=\"2156\"><img fetchpriority=\"high\" decoding=\"async\" class=\"aligncenter wp-image-5893 size-large\" src=\"https:\/\/customsailingcb.com\/wp-content\/uploads\/2026\/02\/CUSTOM-CHALLENGE-2026-e1770982864972-1024x724.jpg\" alt=\"\" width=\"1024\" height=\"724\" srcset=\"https:\/\/customsailingcb.com\/wp-content\/uploads\/2026\/02\/CUSTOM-CHALLENGE-2026-e1770982864972-1024x724.jpg 1024w, https:\/\/customsailingcb.com\/wp-content\/uploads\/2026\/02\/CUSTOM-CHALLENGE-2026-e1770982864972-300x212.jpg 300w, https:\/\/customsailingcb.com\/wp-content\/uploads\/2026\/02\/CUSTOM-CHALLENGE-2026-e1770982864972-768x543.jpg 768w, https:\/\/customsailingcb.com\/wp-content\/uploads\/2026\/02\/CUSTOM-CHALLENGE-2026-e1770982864972-1536x1086.jpg 1536w, https:\/\/customsailingcb.com\/wp-content\/uploads\/2026\/02\/CUSTOM-CHALLENGE-2026-e1770982864972-600x424.jpg 600w, https:\/\/customsailingcb.com\/wp-content\/uploads\/2026\/02\/CUSTOM-CHALLENGE-2026-e1770982864972.jpg 2000w\" sizes=\"(max-width: 1024px) 100vw, 1024px\" \/><\/p>&#13;\n<h2 data-start=\"2163\" data-end=\"2221\">Una acci\u00f3 alineada amb la nostra certificaci\u00f3 Biosphere<\/h2>&#13;\n<p data-start=\"2223\" data-end=\"2450\">El <strong>Custom Challenge 2026<\/strong> forma part del nostre comprom\u00eds global amb la sostenibilitat, refor\u00e7at per la certificaci\u00f3 Biosphere, que reconeix les bones pr\u00e0ctiques ambientals, socials i econ\u00f2miques de les empreses tur\u00edstiques.<\/p>&#13;\n<p data-start=\"2452\" data-end=\"2590\">Creiem que les <strong>petites accions repetides<\/strong> tenen un impacte real quan formen part d\u201fun projecte coherent i continuat en el temps.<\/p>&#13;\n<h2 data-start=\"2597\" data-end=\"2652\">Experi\u00e8ncies mar\u00edtimes amb valors a la Costa Brava<\/h2>&#13;\n<p data-start=\"2654\" data-end=\"2920\">Navegar amb Custom Sailing Costa Brava no \u00e9s nom\u00e9s descobrir cales, gaudir del bany o relaxar-se al mar. Tamb\u00e9 \u00e9s <strong>formar part d&#8217;una manera diferent d&#8217;entendre les excursions mar\u00edtimes<\/strong>, on el respecte pel medi mar\u00ed \u00e9s inseparable de l&#8217;experi\u00e8ncia.<\/p>&#13;\n<p data-start=\"2922\" data-end=\"3092\">El Custom Challenge 2026 \u00e9s una invitaci\u00f3 directa a actuar ara. Perqu\u00e8, <strong>deixar-ho per m\u00e9s tard sovint significa no fer-ho mai.<\/strong><\/p>&#13;\n<h2 data-start=\"3099\" data-end=\"3145\">Vols sumar-te al Custom Challenge 2026?<\/h2>&#13;\n<p data-start=\"3147\" data-end=\"3244\" data-is-last-node=\"\" data-is-only-node=\"\">Participa a les nostres sortides i ajuda&#8217;ns a mantenir la Costa Brava m\u00e9s neta, viva i sostenible.<\/p>&#13;\n<\/div>&#13;\n<\/div>&#13;\n<\/div>&#13;\n<\/div>&#13;\n<div class=\"z-0 flex min-h-[46px] justify-start\"><a style=\"font-size: 16px; background-color: #ffffff;\" href=\"https:\/\/customsailingcb.com\/ca\/contacte\/\">Contact &#8211; Custom sailing CB, Boat rental Costa Brava<\/a><\/div>&#13;\n<\/div>&#13;\n<\/div>&#13;\n<\/article>&#13;\n<\/div>&#13;\n","protected":false},"excerpt":{"rendered":"<p>Cala Foradada desde la menorquina<\/p>\n","protected":false},"author":2,"featured_media":5890,"comment_status":"closed","ping_status":"open","sticky":false,"template":"","format":"standard","meta":{"_acf_changed":false,"site-sidebar-layout":"default","site-content-layout":"","ast-site-content-layout":"default","site-content-style":"default","site-sidebar-style":"default","ast-global-header-display":"","ast-banner-title-visibility":"","ast-main-header-display":"","ast-hfb-above-header-display":"","ast-hfb-below-header-display":"","ast-hfb-mobile-header-display":"","site-post-title":"","ast-breadcrumbs-content":"","ast-featured-img":"","footer-sml-layout":"","ast-disable-related-posts":"","theme-transparent-header-meta":"default","adv-header-id-meta":"","stick-header-meta":"","header-above-stick-meta":"","header-main-stick-meta":"","header-below-stick-meta":"","astra-migrate-meta-layouts":"set","ast-page-background-enabled":"default","ast-page-background-meta":{"desktop":{"background-color":"var(--ast-global-color-5)","background-image":"","background-repeat":"repeat","background-position":"center center","background-size":"auto","background-attachment":"scroll","background-type":"","background-media":"","overlay-type":"","overlay-color":"","overlay-opacity":"","overlay-gradient":""},"tablet":{"background-color":"","background-image":"","background-repeat":"repeat","background-position":"center center","background-size":"auto","background-attachment":"scroll","background-type":"","background-media":"","overlay-type":"","overlay-color":"","overlay-opacity":"","overlay-gradient":""},"mobile":{"background-color":"","background-image":"","background-repeat":"repeat","background-position":"center center","background-size":"auto","background-attachment":"scroll","background-type":"","background-media":"","overlay-type":"","overlay-color":"","overlay-opacity":"","overlay-gradient":""}},"ast-content-background-meta":{"desktop":{"background-color":"var(--ast-global-color-4)","background-image":"","background-repeat":"repeat","background-position":"center center","background-size":"auto","background-attachment":"scroll","background-type":"","background-media":"","overlay-type":"","overlay-color":"","overlay-opacity":"","overlay-gradient":""},"tablet":{"background-color":"var(--ast-global-color-4)","background-image":"","background-repeat":"repeat","background-position":"center center","background-size":"auto","background-attachment":"scroll","background-type":"","background-media":"","overlay-type":"","overlay-color":"","overlay-opacity":"","overlay-gradient":""},"mobile":{"background-color":"var(--ast-global-color-4)","background-image":"","background-repeat":"repeat","background-position":"center center","background-size":"auto","background-attachment":"scroll","background-type":"","background-media":"","overlay-type":"","overlay-color":"","overlay-opacity":"","overlay-gradient":""}},"footnotes":""},"categories":[175],"tags":[],"class_list":["post-5891","post","type-post","status-publish","format-standard","has-post-thumbnail","hentry","category-blog-ca"],"acf":[],"yoast_head":"<!-- This site is optimized with the Yoast SEO plugin v27.4 - https:\/\/yoast.com\/product\/yoast-seo-wordpress\/ -->\n<title>Custom Challenge 2026: recollida de pl\u00e0stics del mar<\/title>\n<meta name=\"description\" content=\"Custom Challenge 2026: iniciativa de Custom Sailing per recollir pl\u00e0stics del mar durant sortides amb vaixell a la Costa Brava. Navegar amb impacte positiu.\" \/>\n<meta name=\"robots\" content=\"index, follow, max-snippet:-1, max-image-preview:large, max-video-preview:-1\" \/>\n<link rel=\"canonical\" href=\"https:\/\/customsailingcb.com\/ca\/custom-challenge-2026-navegant-per-una-costa-brava-amb-menys-plastics\/\" \/>\n<meta property=\"og:locale\" content=\"ca_ES\" \/>\n<meta property=\"og:type\" content=\"article\" \/>\n<meta property=\"og:title\" content=\"Custom Challenge 2026: recollida de pl\u00e0stics del mar\" \/>\n<meta property=\"og:description\" content=\"Custom Challenge 2026: iniciativa de Custom Sailing per recollir pl\u00e0stics del mar durant sortides amb vaixell a la Costa Brava. Navegar amb impacte positiu.\" \/>\n<meta property=\"og:url\" content=\"https:\/\/customsailingcb.com\/ca\/custom-challenge-2026-navegant-per-una-costa-brava-amb-menys-plastics\/\" \/>\n<meta property=\"og:site_name\" content=\"Custom sailing CB, Lloguer embarcacions Costa Brava\" \/>\n<meta property=\"article:publisher\" content=\"https:\/\/www.facebook.com\/customsailingcostabrava\" \/>\n<meta property=\"article:published_time\" content=\"2026-04-13T15:27:37+00:00\" \/>\n<meta property=\"og:image\" content=\"https:\/\/customsailingcb.com\/wp-content\/uploads\/2026\/02\/recogida-plasticos-mar-e1770980335324.png\" \/>\n\t<meta property=\"og:image:width\" content=\"1024\" \/>\n\t<meta property=\"og:image:height\" content=\"934\" \/>\n\t<meta property=\"og:image:type\" content=\"image\/png\" \/>\n<meta name=\"author\" content=\"Marta\" \/>\n<meta name=\"twitter:card\" content=\"summary_large_image\" \/>\n<meta name=\"twitter:label1\" content=\"Escrit per\" \/>\n\t<meta name=\"twitter:data1\" content=\"Marta\" \/>\n\t<meta name=\"twitter:label2\" content=\"Temps estimat de lectura\" \/>\n\t<meta name=\"twitter:data2\" content=\"2 minuts\" \/>\n<script type=\"application\/ld+json\" class=\"yoast-schema-graph\">{\"@context\":\"https:\\\/\\\/schema.org\",\"@graph\":[{\"@type\":\"Article\",\"@id\":\"https:\\\/\\\/customsailingcb.com\\\/ca\\\/custom-challenge-2026-navegant-per-una-costa-brava-amb-menys-plastics\\\/#article\",\"isPartOf\":{\"@id\":\"https:\\\/\\\/customsailingcb.com\\\/ca\\\/custom-challenge-2026-navegant-per-una-costa-brava-amb-menys-plastics\\\/\"},\"author\":{\"name\":\"Marta\",\"@id\":\"https:\\\/\\\/customsailingcb.com\\\/ca\\\/#\\\/schema\\\/person\\\/c0e9205b006a5bef52718da3e1d5cc22\"},\"headline\":\"Custom Challenge 2026: navegant per una Costa Brava amb menys pl\u00e0stics\",\"datePublished\":\"2026-04-13T15:27:37+00:00\",\"mainEntityOfPage\":{\"@id\":\"https:\\\/\\\/customsailingcb.com\\\/ca\\\/custom-challenge-2026-navegant-per-una-costa-brava-amb-menys-plastics\\\/\"},\"wordCount\":504,\"publisher\":{\"@id\":\"https:\\\/\\\/customsailingcb.com\\\/ca\\\/#organization\"},\"image\":{\"@id\":\"https:\\\/\\\/customsailingcb.com\\\/ca\\\/custom-challenge-2026-navegant-per-una-costa-brava-amb-menys-plastics\\\/#primaryimage\"},\"thumbnailUrl\":\"https:\\\/\\\/customsailingcb.com\\\/wp-content\\\/uploads\\\/2026\\\/02\\\/recogida-plasticos-mar-e1770980335324.png\",\"articleSection\":[\"Blog\"],\"inLanguage\":\"ca\"},{\"@type\":\"WebPage\",\"@id\":\"https:\\\/\\\/customsailingcb.com\\\/ca\\\/custom-challenge-2026-navegant-per-una-costa-brava-amb-menys-plastics\\\/\",\"url\":\"https:\\\/\\\/customsailingcb.com\\\/ca\\\/custom-challenge-2026-navegant-per-una-costa-brava-amb-menys-plastics\\\/\",\"name\":\"Custom Challenge 2026: recollida de pl\u00e0stics del mar\",\"isPartOf\":{\"@id\":\"https:\\\/\\\/customsailingcb.com\\\/ca\\\/#website\"},\"primaryImageOfPage\":{\"@id\":\"https:\\\/\\\/customsailingcb.com\\\/ca\\\/custom-challenge-2026-navegant-per-una-costa-brava-amb-menys-plastics\\\/#primaryimage\"},\"image\":{\"@id\":\"https:\\\/\\\/customsailingcb.com\\\/ca\\\/custom-challenge-2026-navegant-per-una-costa-brava-amb-menys-plastics\\\/#primaryimage\"},\"thumbnailUrl\":\"https:\\\/\\\/customsailingcb.com\\\/wp-content\\\/uploads\\\/2026\\\/02\\\/recogida-plasticos-mar-e1770980335324.png\",\"datePublished\":\"2026-04-13T15:27:37+00:00\",\"description\":\"Custom Challenge 2026: iniciativa de Custom Sailing per recollir pl\u00e0stics del mar durant sortides amb vaixell a la Costa Brava. Navegar amb impacte positiu.\",\"breadcrumb\":{\"@id\":\"https:\\\/\\\/customsailingcb.com\\\/ca\\\/custom-challenge-2026-navegant-per-una-costa-brava-amb-menys-plastics\\\/#breadcrumb\"},\"inLanguage\":\"ca\",\"potentialAction\":[{\"@type\":\"ReadAction\",\"target\":[\"https:\\\/\\\/customsailingcb.com\\\/ca\\\/custom-challenge-2026-navegant-per-una-costa-brava-amb-menys-plastics\\\/\"]}]},{\"@type\":\"ImageObject\",\"inLanguage\":\"ca\",\"@id\":\"https:\\\/\\\/customsailingcb.com\\\/ca\\\/custom-challenge-2026-navegant-per-una-costa-brava-amb-menys-plastics\\\/#primaryimage\",\"url\":\"https:\\\/\\\/customsailingcb.com\\\/wp-content\\\/uploads\\\/2026\\\/02\\\/recogida-plasticos-mar-e1770980335324.png\",\"contentUrl\":\"https:\\\/\\\/customsailingcb.com\\\/wp-content\\\/uploads\\\/2026\\\/02\\\/recogida-plasticos-mar-e1770980335324.png\",\"width\":1024,\"height\":934,\"caption\":\"Custom challenge 2026\"},{\"@type\":\"BreadcrumbList\",\"@id\":\"https:\\\/\\\/customsailingcb.com\\\/ca\\\/custom-challenge-2026-navegant-per-una-costa-brava-amb-menys-plastics\\\/#breadcrumb\",\"itemListElement\":[{\"@type\":\"ListItem\",\"position\":1,\"name\":\"Inicio\",\"item\":\"https:\\\/\\\/customsailingcb.com\\\/ca\\\/\"},{\"@type\":\"ListItem\",\"position\":2,\"name\":\"Custom Challenge 2026: navegant per una Costa Brava amb menys pl\u00e0stics\"}]},{\"@type\":\"WebSite\",\"@id\":\"https:\\\/\\\/customsailingcb.com\\\/ca\\\/#website\",\"url\":\"https:\\\/\\\/customsailingcb.com\\\/ca\\\/\",\"name\":\"Custom Sailing CB\",\"description\":\"Lloguer embarcacions Costa Brava\",\"publisher\":{\"@id\":\"https:\\\/\\\/customsailingcb.com\\\/ca\\\/#organization\"},\"alternateName\":\"CustomSailingCB.com\",\"potentialAction\":[{\"@type\":\"SearchAction\",\"target\":{\"@type\":\"EntryPoint\",\"urlTemplate\":\"https:\\\/\\\/customsailingcb.com\\\/ca\\\/?s={search_term_string}\"},\"query-input\":{\"@type\":\"PropertyValueSpecification\",\"valueRequired\":true,\"valueName\":\"search_term_string\"}}],\"inLanguage\":\"ca\"},{\"@type\":\"Organization\",\"@id\":\"https:\\\/\\\/customsailingcb.com\\\/ca\\\/#organization\",\"name\":\"Custom Sailing CB\",\"alternateName\":\"Custom Sailing Costa Brava\",\"url\":\"https:\\\/\\\/customsailingcb.com\\\/ca\\\/\",\"logo\":{\"@type\":\"ImageObject\",\"inLanguage\":\"ca\",\"@id\":\"https:\\\/\\\/customsailingcb.com\\\/ca\\\/#\\\/schema\\\/logo\\\/image\\\/\",\"url\":\"https:\\\/\\\/www.customsailingcb.com\\\/wp-content\\\/uploads\\\/2025\\\/01\\\/Logo_customsailing-scaled.webp\",\"contentUrl\":\"https:\\\/\\\/www.customsailingcb.com\\\/wp-content\\\/uploads\\\/2025\\\/01\\\/Logo_customsailing-scaled.webp\",\"width\":2560,\"height\":1085,\"caption\":\"Custom Sailing CB\"},\"image\":{\"@id\":\"https:\\\/\\\/customsailingcb.com\\\/ca\\\/#\\\/schema\\\/logo\\\/image\\\/\"},\"sameAs\":[\"https:\\\/\\\/www.facebook.com\\\/customsailingcostabrava\",\"https:\\\/\\\/www.instagram.com\\\/customsailing\\\/\"]},{\"@type\":\"Person\",\"@id\":\"https:\\\/\\\/customsailingcb.com\\\/ca\\\/#\\\/schema\\\/person\\\/c0e9205b006a5bef52718da3e1d5cc22\",\"name\":\"Marta\",\"image\":{\"@type\":\"ImageObject\",\"inLanguage\":\"ca\",\"@id\":\"https:\\\/\\\/secure.gravatar.com\\\/avatar\\\/71257321272d7c2caea2b42ea370423d556c259de802dfa6e76465ad9664b3eb?s=96&d=mm&r=g\",\"url\":\"https:\\\/\\\/secure.gravatar.com\\\/avatar\\\/71257321272d7c2caea2b42ea370423d556c259de802dfa6e76465ad9664b3eb?s=96&d=mm&r=g\",\"contentUrl\":\"https:\\\/\\\/secure.gravatar.com\\\/avatar\\\/71257321272d7c2caea2b42ea370423d556c259de802dfa6e76465ad9664b3eb?s=96&d=mm&r=g\",\"caption\":\"Marta\"},\"url\":\"https:\\\/\\\/customsailingcb.com\\\/ca\\\/author\\\/marta\\\/\"}]}<\/script>\n<!-- \/ Yoast SEO plugin. -->","yoast_head_json":{"title":"Custom Challenge 2026: recollida de pl\u00e0stics del mar","description":"Custom Challenge 2026: iniciativa de Custom Sailing per recollir pl\u00e0stics del mar durant sortides amb vaixell a la Costa Brava. Navegar amb impacte positiu.","robots":{"index":"index","follow":"follow","max-snippet":"max-snippet:-1","max-image-preview":"max-image-preview:large","max-video-preview":"max-video-preview:-1"},"canonical":"https:\/\/customsailingcb.com\/ca\/custom-challenge-2026-navegant-per-una-costa-brava-amb-menys-plastics\/","og_locale":"ca_ES","og_type":"article","og_title":"Custom Challenge 2026: recollida de pl\u00e0stics del mar","og_description":"Custom Challenge 2026: iniciativa de Custom Sailing per recollir pl\u00e0stics del mar durant sortides amb vaixell a la Costa Brava. Navegar amb impacte positiu.","og_url":"https:\/\/customsailingcb.com\/ca\/custom-challenge-2026-navegant-per-una-costa-brava-amb-menys-plastics\/","og_site_name":"Custom sailing CB, Lloguer embarcacions Costa Brava","article_publisher":"https:\/\/www.facebook.com\/customsailingcostabrava","article_published_time":"2026-04-13T15:27:37+00:00","og_image":[{"width":1024,"height":934,"url":"https:\/\/customsailingcb.com\/wp-content\/uploads\/2026\/02\/recogida-plasticos-mar-e1770980335324.png","type":"image\/png"}],"author":"Marta","twitter_card":"summary_large_image","twitter_misc":{"Escrit per":"Marta","Temps estimat de lectura":"2 minuts"},"schema":{"@context":"https:\/\/schema.org","@graph":[{"@type":"Article","@id":"https:\/\/customsailingcb.com\/ca\/custom-challenge-2026-navegant-per-una-costa-brava-amb-menys-plastics\/#article","isPartOf":{"@id":"https:\/\/customsailingcb.com\/ca\/custom-challenge-2026-navegant-per-una-costa-brava-amb-menys-plastics\/"},"author":{"name":"Marta","@id":"https:\/\/customsailingcb.com\/ca\/#\/schema\/person\/c0e9205b006a5bef52718da3e1d5cc22"},"headline":"Custom Challenge 2026: navegant per una Costa Brava amb menys pl\u00e0stics","datePublished":"2026-04-13T15:27:37+00:00","mainEntityOfPage":{"@id":"https:\/\/customsailingcb.com\/ca\/custom-challenge-2026-navegant-per-una-costa-brava-amb-menys-plastics\/"},"wordCount":504,"publisher":{"@id":"https:\/\/customsailingcb.com\/ca\/#organization"},"image":{"@id":"https:\/\/customsailingcb.com\/ca\/custom-challenge-2026-navegant-per-una-costa-brava-amb-menys-plastics\/#primaryimage"},"thumbnailUrl":"https:\/\/customsailingcb.com\/wp-content\/uploads\/2026\/02\/recogida-plasticos-mar-e1770980335324.png","articleSection":["Blog"],"inLanguage":"ca"},{"@type":"WebPage","@id":"https:\/\/customsailingcb.com\/ca\/custom-challenge-2026-navegant-per-una-costa-brava-amb-menys-plastics\/","url":"https:\/\/customsailingcb.com\/ca\/custom-challenge-2026-navegant-per-una-costa-brava-amb-menys-plastics\/","name":"Custom Challenge 2026: recollida de pl\u00e0stics del mar","isPartOf":{"@id":"https:\/\/customsailingcb.com\/ca\/#website"},"primaryImageOfPage":{"@id":"https:\/\/customsailingcb.com\/ca\/custom-challenge-2026-navegant-per-una-costa-brava-amb-menys-plastics\/#primaryimage"},"image":{"@id":"https:\/\/customsailingcb.com\/ca\/custom-challenge-2026-navegant-per-una-costa-brava-amb-menys-plastics\/#primaryimage"},"thumbnailUrl":"https:\/\/customsailingcb.com\/wp-content\/uploads\/2026\/02\/recogida-plasticos-mar-e1770980335324.png","datePublished":"2026-04-13T15:27:37+00:00","description":"Custom Challenge 2026: iniciativa de Custom Sailing per recollir pl\u00e0stics del mar durant sortides amb vaixell a la Costa Brava. Navegar amb impacte positiu.","breadcrumb":{"@id":"https:\/\/customsailingcb.com\/ca\/custom-challenge-2026-navegant-per-una-costa-brava-amb-menys-plastics\/#breadcrumb"},"inLanguage":"ca","potentialAction":[{"@type":"ReadAction","target":["https:\/\/customsailingcb.com\/ca\/custom-challenge-2026-navegant-per-una-costa-brava-amb-menys-plastics\/"]}]},{"@type":"ImageObject","inLanguage":"ca","@id":"https:\/\/customsailingcb.com\/ca\/custom-challenge-2026-navegant-per-una-costa-brava-amb-menys-plastics\/#primaryimage","url":"https:\/\/customsailingcb.com\/wp-content\/uploads\/2026\/02\/recogida-plasticos-mar-e1770980335324.png","contentUrl":"https:\/\/customsailingcb.com\/wp-content\/uploads\/2026\/02\/recogida-plasticos-mar-e1770980335324.png","width":1024,"height":934,"caption":"Custom challenge 2026"},{"@type":"BreadcrumbList","@id":"https:\/\/customsailingcb.com\/ca\/custom-challenge-2026-navegant-per-una-costa-brava-amb-menys-plastics\/#breadcrumb","itemListElement":[{"@type":"ListItem","position":1,"name":"Inicio","item":"https:\/\/customsailingcb.com\/ca\/"},{"@type":"ListItem","position":2,"name":"Custom Challenge 2026: navegant per una Costa Brava amb menys pl\u00e0stics"}]},{"@type":"WebSite","@id":"https:\/\/customsailingcb.com\/ca\/#website","url":"https:\/\/customsailingcb.com\/ca\/","name":"Custom Sailing CB","description":"Lloguer embarcacions Costa Brava","publisher":{"@id":"https:\/\/customsailingcb.com\/ca\/#organization"},"alternateName":"CustomSailingCB.com","potentialAction":[{"@type":"SearchAction","target":{"@type":"EntryPoint","urlTemplate":"https:\/\/customsailingcb.com\/ca\/?s={search_term_string}"},"query-input":{"@type":"PropertyValueSpecification","valueRequired":true,"valueName":"search_term_string"}}],"inLanguage":"ca"},{"@type":"Organization","@id":"https:\/\/customsailingcb.com\/ca\/#organization","name":"Custom Sailing CB","alternateName":"Custom Sailing Costa Brava","url":"https:\/\/customsailingcb.com\/ca\/","logo":{"@type":"ImageObject","inLanguage":"ca","@id":"https:\/\/customsailingcb.com\/ca\/#\/schema\/logo\/image\/","url":"https:\/\/www.customsailingcb.com\/wp-content\/uploads\/2025\/01\/Logo_customsailing-scaled.webp","contentUrl":"https:\/\/www.customsailingcb.com\/wp-content\/uploads\/2025\/01\/Logo_customsailing-scaled.webp","width":2560,"height":1085,"caption":"Custom Sailing CB"},"image":{"@id":"https:\/\/customsailingcb.com\/ca\/#\/schema\/logo\/image\/"},"sameAs":["https:\/\/www.facebook.com\/customsailingcostabrava","https:\/\/www.instagram.com\/customsailing\/"]},{"@type":"Person","@id":"https:\/\/customsailingcb.com\/ca\/#\/schema\/person\/c0e9205b006a5bef52718da3e1d5cc22","name":"Marta","image":{"@type":"ImageObject","inLanguage":"ca","@id":"https:\/\/secure.gravatar.com\/avatar\/71257321272d7c2caea2b42ea370423d556c259de802dfa6e76465ad9664b3eb?s=96&d=mm&r=g","url":"https:\/\/secure.gravatar.com\/avatar\/71257321272d7c2caea2b42ea370423d556c259de802dfa6e76465ad9664b3eb?s=96&d=mm&r=g","contentUrl":"https:\/\/secure.gravatar.com\/avatar\/71257321272d7c2caea2b42ea370423d556c259de802dfa6e76465ad9664b3eb?s=96&d=mm&r=g","caption":"Marta"},"url":"https:\/\/customsailingcb.com\/ca\/author\/marta\/"}]}},"_links":{"self":[{"href":"https:\/\/customsailingcb.com\/ca\/wp-json\/wp\/v2\/posts\/5891","targetHints":{"allow":["GET"]}}],"collection":[{"href":"https:\/\/customsailingcb.com\/ca\/wp-json\/wp\/v2\/posts"}],"about":[{"href":"https:\/\/customsailingcb.com\/ca\/wp-json\/wp\/v2\/types\/post"}],"author":[{"embeddable":true,"href":"https:\/\/customsailingcb.com\/ca\/wp-json\/wp\/v2\/users\/2"}],"replies":[{"embeddable":true,"href":"https:\/\/customsailingcb.com\/ca\/wp-json\/wp\/v2\/comments?post=5891"}],"version-history":[{"count":1,"href":"https:\/\/customsailingcb.com\/ca\/wp-json\/wp\/v2\/posts\/5891\/revisions"}],"predecessor-version":[{"id":6056,"href":"https:\/\/customsailingcb.com\/ca\/wp-json\/wp\/v2\/posts\/5891\/revisions\/6056"}],"wp:featuredmedia":[{"embeddable":true,"href":"https:\/\/customsailingcb.com\/ca\/wp-json\/wp\/v2\/media\/5890"}],"wp:attachment":[{"href":"https:\/\/customsailingcb.com\/ca\/wp-json\/wp\/v2\/media?parent=5891"}],"wp:term":[{"taxonomy":"category","embeddable":true,"href":"https:\/\/customsailingcb.com\/ca\/wp-json\/wp\/v2\/categories?post=5891"},{"taxonomy":"post_tag","embeddable":true,"href":"https:\/\/customsailingcb.com\/ca\/wp-json\/wp\/v2\/tags?post=5891"}],"curies":[{"name":"wp","href":"https:\/\/api.w.org\/{rel}","templated":true}]}}