{"id":6118,"date":"2026-04-26T18:38:37","date_gmt":"2026-04-26T18:38:37","guid":{"rendered":"https:\/\/customsailingcb.com\/?p=6118"},"modified":"2026-04-26T18:46:05","modified_gmt":"2026-04-26T18:46:05","slug":"el-canal-public-de-viatges-ard-reisen-ens-escull-per-mostrar-los-la-costa-brava","status":"publish","type":"post","link":"https:\/\/customsailingcb.com\/ca\/el-canal-public-de-viatges-ard-reisen-ens-escull-per-mostrar-los-la-costa-brava\/","title":{"rendered":"El canal alemany ARD Reisen ens escull per mostrar-los la Costa Brava"},"content":{"rendered":"<p>Tenir un bon servei \u00e9s clau, per\u00f2 que la televisi\u00f3 p\u00fablica nacional d&#8217;Alemanya (ARD) et trii per representar l&#8217;ess\u00e8ncia de la Costa Brava \u00e9s, senzillament, un orgull. L&#8217;ARD no \u00e9s un canal qualsevol; \u00e9s el consorci de radiodifusi\u00f3 p\u00fablica m\u00e9s gran d&#8217;Alemanya i un referent mundial en documentals de viatges de qualitat. El seu canal ARD Reisen compta amb m\u00e9s de 850.000 subscriptors i els seus reportatges s\u00f3n seguits per milions d&#8217;espectadors que busquen destinacions aut\u00e8ntiques i experi\u00e8ncies premium.<\/p>\n<p><iframe width=\"1024\" height=\"455\" src=\"https:\/\/www.youtube.com\/embed\/jXU8WS_rQHk?start=101\" title=\"YouTube video player\" frameborder=\"0\" mallow=\"accelerometer; autoplay; clipboard-write; encrypted-media; gyroscope; picture-in-picture; web-share\" allowfullscreen><\/iframe><br \/>\nUs posem el video al minut 1:41, on comen\u00e7a la veritable experi\u00e8ncia Custom Sailing de la m\u00e0 de Miki Puig.<\/p>\n<p>Un viatge a la &#8220;Costa Salvatge&#8221;<br \/>\nEn el seu extens reportatge &#8220;Costa Brava in Katalonien: Spaniens wilde K\u00fcste&#8221;, l&#8217;equip de producci\u00f3 alemany buscava mostrar la cara m\u00e9s ind\u00f2mita i exclusiva de la nostra llar. Volien fugir dels t\u00f2pics i trobar la connexi\u00f3 real amb el Mediterrani. Per aix\u00f2, quan va arribar el moment de fer-se a la mar, van confiar en els serveis de Custom Sailing Costa Brava.<\/p>\n<p>Una jornada d&#8217;octubre a bord de la nostra <a href=\"https:\/\/customsailingcb.com\/flota\/menorquin-31-solarium\/\" target=\"_blank\">Menorquina Walrus<\/a><br \/>\nL&#8217;experi\u00e8ncia es va rodar durant el mes d&#8217;octubre, una \u00e8poca que nosaltres sempre recomanem: la llum \u00e9s m\u00e9s daurada, la calor \u00e9s suau i el mar respira una pau absoluta.<\/p>\n<p>L&#8217;equip d&#8217;ARD Reisen va pujar a bord d&#8217;una de les nostres ic\u00f2niques menorquines, l&#8217;embarcaci\u00f3 que millor representa el luxe discret i la tradici\u00f3 del nostre litoral. No busc\u00e0vem nom\u00e9s navegar, sin\u00f3 viure el territori:<\/p>\n<p>L&#8217;entrada a Cala Foradada: Vam navegar fins a aquest rac\u00f3 m\u00e0gic prop de Palam\u00f3s, on la roca crea un t\u00fanel natural impressionant. <\/p>\n<p>Aventura en Paddle Surf: Van passar per dins de la Foradada amb el Paddle Surf, una experi\u00e8ncia visual que va deixar els productors alemanys sense paraules. Son racons on ni tan sols la fusta de la nostra barca arriba, vam baixar les taules de paddle surf. Aix\u00f2 ens va permetre accedir al cor de la cova de la Foradada, tocant les parets de roca i sentint l&#8217;energia del lloc.<\/p>\n<p>L&#8217;adrenalina final: No hi ha jornada de mar completa sense un punt d&#8217;aud\u00e0cia. El periodista i l&#8217;equip no van poder resistir-se a la transpar\u00e8ncia de l&#8217;aigua i van culminar l&#8217;experi\u00e8ncia saltant des de les roques, una tornada a la infantesa que subratlla la llibertat que nom\u00e9s et dona el mar.<\/p>\n<p>Per qu\u00e8 ens van escollir?<br \/>\nL&#8217;ARD buscava un servei premium que combin\u00e9s la seguretat i el confort amb el coneixement profund de la costa. El resultat \u00e9s un reportatge preci\u00f3s on es veu com, des de Custom Sailing Costa Brava, entenem la navegaci\u00f3 no com un tr\u00e0mit, sin\u00f3 com un art.<\/p>\n","protected":false},"excerpt":{"rendered":"<p>Tenir un bon servei \u00e9s clau, per\u00f2 que la televisi\u00f3 p\u00fablica nacional d&#8217;Alemanya (ARD) et trii per representar l&#8217;ess\u00e8ncia de la Costa Brava \u00e9s, senzillament, un orgull. L&#8217;ARD no \u00e9s un canal qualsevol; \u00e9s el consorci de radiodifusi\u00f3 p\u00fablica m\u00e9s gran d&#8217;Alemanya i un referent mundial en documentals de viatges de qualitat. El seu canal [&hellip;]<\/p>\n","protected":false},"author":2,"featured_media":0,"comment_status":"closed","ping_status":"open","sticky":false,"template":"","format":"standard","meta":{"_acf_changed":false,"site-sidebar-layout":"default","site-content-layout":"","ast-site-content-layout":"default","site-content-style":"default","site-sidebar-style":"default","ast-global-header-display":"","ast-banner-title-visibility":"","ast-main-header-display":"","ast-hfb-above-header-display":"","ast-hfb-below-header-display":"","ast-hfb-mobile-header-display":"","site-post-title":"","ast-breadcrumbs-content":"","ast-featured-img":"","footer-sml-layout":"","ast-disable-related-posts":"","theme-transparent-header-meta":"default","adv-header-id-meta":"","stick-header-meta":"","header-above-stick-meta":"","header-main-stick-meta":"","header-below-stick-meta":"","astra-migrate-meta-layouts":"set","ast-page-background-enabled":"default","ast-page-background-meta":{"desktop":{"background-color":"var(--ast-global-color-5)","background-image":"","background-repeat":"repeat","background-position":"center center","background-size":"auto","background-attachment":"scroll","background-type":"","background-media":"","overlay-type":"","overlay-color":"","overlay-opacity":"","overlay-gradient":""},"tablet":{"background-color":"","background-image":"","background-repeat":"repeat","background-position":"center center","background-size":"auto","background-attachment":"scroll","background-type":"","background-media":"","overlay-type":"","overlay-color":"","overlay-opacity":"","overlay-gradient":""},"mobile":{"background-color":"","background-image":"","background-repeat":"repeat","background-position":"center center","background-size":"auto","background-attachment":"scroll","background-type":"","background-media":"","overlay-type":"","overlay-color":"","overlay-opacity":"","overlay-gradient":""}},"ast-content-background-meta":{"desktop":{"background-color":"var(--ast-global-color-4)","background-image":"","background-repeat":"repeat","background-position":"center center","background-size":"auto","background-attachment":"scroll","background-type":"","background-media":"","overlay-type":"","overlay-color":"","overlay-opacity":"","overlay-gradient":""},"tablet":{"background-color":"var(--ast-global-color-4)","background-image":"","background-repeat":"repeat","background-position":"center center","background-size":"auto","background-attachment":"scroll","background-type":"","background-media":"","overlay-type":"","overlay-color":"","overlay-opacity":"","overlay-gradient":""},"mobile":{"background-color":"var(--ast-global-color-4)","background-image":"","background-repeat":"repeat","background-position":"center center","background-size":"auto","background-attachment":"scroll","background-type":"","background-media":"","overlay-type":"","overlay-color":"","overlay-opacity":"","overlay-gradient":""}},"footnotes":""},"categories":[1],"tags":[],"class_list":["post-6118","post","type-post","status-publish","format-standard","hentry","category-sin-categorizar"],"acf":[],"yoast_head":"<!-- This site is optimized with the Yoast SEO plugin v27.4 - https:\/\/yoast.com\/product\/yoast-seo-wordpress\/ -->\n<title>El canal alemany ARD Reisen ens escull per mostrar-los la Costa Brava - Custom sailing CB, Lloguer embarcacions Costa Brava<\/title>\n<meta name=\"robots\" content=\"index, follow, max-snippet:-1, max-image-preview:large, max-video-preview:-1\" \/>\n<link rel=\"canonical\" href=\"https:\/\/customsailingcb.com\/ca\/el-canal-public-de-viatges-ard-reisen-ens-escull-per-mostrar-los-la-costa-brava\/\" \/>\n<meta property=\"og:locale\" content=\"ca_ES\" \/>\n<meta property=\"og:type\" content=\"article\" \/>\n<meta property=\"og:title\" content=\"El canal alemany ARD Reisen ens escull per mostrar-los la Costa Brava - Custom sailing CB, Lloguer embarcacions Costa Brava\" \/>\n<meta property=\"og:description\" content=\"Tenir un bon servei \u00e9s clau, per\u00f2 que la televisi\u00f3 p\u00fablica nacional d&#8217;Alemanya (ARD) et trii per representar l&#8217;ess\u00e8ncia de la Costa Brava \u00e9s, senzillament, un orgull. L&#8217;ARD no \u00e9s un canal qualsevol; \u00e9s el consorci de radiodifusi\u00f3 p\u00fablica m\u00e9s gran d&#8217;Alemanya i un referent mundial en documentals de viatges de qualitat. El seu canal [&hellip;]\" \/>\n<meta property=\"og:url\" content=\"https:\/\/customsailingcb.com\/ca\/el-canal-public-de-viatges-ard-reisen-ens-escull-per-mostrar-los-la-costa-brava\/\" \/>\n<meta property=\"og:site_name\" content=\"Custom sailing CB, Lloguer embarcacions Costa Brava\" \/>\n<meta property=\"article:publisher\" content=\"https:\/\/www.facebook.com\/customsailingcostabrava\" \/>\n<meta property=\"article:published_time\" content=\"2026-04-26T18:38:37+00:00\" \/>\n<meta property=\"article:modified_time\" content=\"2026-04-26T18:46:05+00:00\" \/>\n<meta name=\"author\" content=\"Marta\" \/>\n<meta name=\"twitter:card\" content=\"summary_large_image\" \/>\n<meta name=\"twitter:label1\" content=\"Escrit per\" \/>\n\t<meta name=\"twitter:data1\" content=\"Marta\" \/>\n\t<meta name=\"twitter:label2\" content=\"Temps estimat de lectura\" \/>\n\t<meta name=\"twitter:data2\" content=\"2 minuts\" \/>\n<script type=\"application\/ld+json\" class=\"yoast-schema-graph\">{\"@context\":\"https:\\\/\\\/schema.org\",\"@graph\":[{\"@type\":\"Article\",\"@id\":\"https:\\\/\\\/customsailingcb.com\\\/ca\\\/el-canal-public-de-viatges-ard-reisen-ens-escull-per-mostrar-los-la-costa-brava\\\/#article\",\"isPartOf\":{\"@id\":\"https:\\\/\\\/customsailingcb.com\\\/ca\\\/el-canal-public-de-viatges-ard-reisen-ens-escull-per-mostrar-los-la-costa-brava\\\/\"},\"author\":{\"name\":\"Marta\",\"@id\":\"https:\\\/\\\/customsailingcb.com\\\/ca\\\/#\\\/schema\\\/person\\\/c0e9205b006a5bef52718da3e1d5cc22\"},\"headline\":\"El canal alemany ARD Reisen ens escull per mostrar-los la Costa Brava\",\"datePublished\":\"2026-04-26T18:38:37+00:00\",\"dateModified\":\"2026-04-26T18:46:05+00:00\",\"mainEntityOfPage\":{\"@id\":\"https:\\\/\\\/customsailingcb.com\\\/ca\\\/el-canal-public-de-viatges-ard-reisen-ens-escull-per-mostrar-los-la-costa-brava\\\/\"},\"wordCount\":494,\"publisher\":{\"@id\":\"https:\\\/\\\/customsailingcb.com\\\/ca\\\/#organization\"},\"articleSection\":[\"Sin categorizar\"],\"inLanguage\":\"ca\"},{\"@type\":\"WebPage\",\"@id\":\"https:\\\/\\\/customsailingcb.com\\\/ca\\\/el-canal-public-de-viatges-ard-reisen-ens-escull-per-mostrar-los-la-costa-brava\\\/\",\"url\":\"https:\\\/\\\/customsailingcb.com\\\/ca\\\/el-canal-public-de-viatges-ard-reisen-ens-escull-per-mostrar-los-la-costa-brava\\\/\",\"name\":\"El canal alemany ARD Reisen ens escull per mostrar-los la Costa Brava - Custom sailing CB, Lloguer embarcacions Costa Brava\",\"isPartOf\":{\"@id\":\"https:\\\/\\\/customsailingcb.com\\\/ca\\\/#website\"},\"datePublished\":\"2026-04-26T18:38:37+00:00\",\"dateModified\":\"2026-04-26T18:46:05+00:00\",\"breadcrumb\":{\"@id\":\"https:\\\/\\\/customsailingcb.com\\\/ca\\\/el-canal-public-de-viatges-ard-reisen-ens-escull-per-mostrar-los-la-costa-brava\\\/#breadcrumb\"},\"inLanguage\":\"ca\",\"potentialAction\":[{\"@type\":\"ReadAction\",\"target\":[\"https:\\\/\\\/customsailingcb.com\\\/ca\\\/el-canal-public-de-viatges-ard-reisen-ens-escull-per-mostrar-los-la-costa-brava\\\/\"]}]},{\"@type\":\"BreadcrumbList\",\"@id\":\"https:\\\/\\\/customsailingcb.com\\\/ca\\\/el-canal-public-de-viatges-ard-reisen-ens-escull-per-mostrar-los-la-costa-brava\\\/#breadcrumb\",\"itemListElement\":[{\"@type\":\"ListItem\",\"position\":1,\"name\":\"Inicio\",\"item\":\"https:\\\/\\\/customsailingcb.com\\\/ca\\\/\"},{\"@type\":\"ListItem\",\"position\":2,\"name\":\"El canal alemany ARD Reisen ens escull per mostrar-los la Costa Brava\"}]},{\"@type\":\"WebSite\",\"@id\":\"https:\\\/\\\/customsailingcb.com\\\/ca\\\/#website\",\"url\":\"https:\\\/\\\/customsailingcb.com\\\/ca\\\/\",\"name\":\"Custom Sailing CB\",\"description\":\"Lloguer embarcacions Costa Brava\",\"publisher\":{\"@id\":\"https:\\\/\\\/customsailingcb.com\\\/ca\\\/#organization\"},\"alternateName\":\"CustomSailingCB.com\",\"potentialAction\":[{\"@type\":\"SearchAction\",\"target\":{\"@type\":\"EntryPoint\",\"urlTemplate\":\"https:\\\/\\\/customsailingcb.com\\\/ca\\\/?s={search_term_string}\"},\"query-input\":{\"@type\":\"PropertyValueSpecification\",\"valueRequired\":true,\"valueName\":\"search_term_string\"}}],\"inLanguage\":\"ca\"},{\"@type\":\"Organization\",\"@id\":\"https:\\\/\\\/customsailingcb.com\\\/ca\\\/#organization\",\"name\":\"Custom Sailing CB\",\"alternateName\":\"Custom Sailing Costa Brava\",\"url\":\"https:\\\/\\\/customsailingcb.com\\\/ca\\\/\",\"logo\":{\"@type\":\"ImageObject\",\"inLanguage\":\"ca\",\"@id\":\"https:\\\/\\\/customsailingcb.com\\\/ca\\\/#\\\/schema\\\/logo\\\/image\\\/\",\"url\":\"https:\\\/\\\/www.customsailingcb.com\\\/wp-content\\\/uploads\\\/2025\\\/01\\\/Logo_customsailing-scaled.webp\",\"contentUrl\":\"https:\\\/\\\/www.customsailingcb.com\\\/wp-content\\\/uploads\\\/2025\\\/01\\\/Logo_customsailing-scaled.webp\",\"width\":2560,\"height\":1085,\"caption\":\"Custom Sailing CB\"},\"image\":{\"@id\":\"https:\\\/\\\/customsailingcb.com\\\/ca\\\/#\\\/schema\\\/logo\\\/image\\\/\"},\"sameAs\":[\"https:\\\/\\\/www.facebook.com\\\/customsailingcostabrava\",\"https:\\\/\\\/www.instagram.com\\\/customsailing\\\/\"]},{\"@type\":\"Person\",\"@id\":\"https:\\\/\\\/customsailingcb.com\\\/ca\\\/#\\\/schema\\\/person\\\/c0e9205b006a5bef52718da3e1d5cc22\",\"name\":\"Marta\",\"image\":{\"@type\":\"ImageObject\",\"inLanguage\":\"ca\",\"@id\":\"https:\\\/\\\/secure.gravatar.com\\\/avatar\\\/71257321272d7c2caea2b42ea370423d556c259de802dfa6e76465ad9664b3eb?s=96&d=mm&r=g\",\"url\":\"https:\\\/\\\/secure.gravatar.com\\\/avatar\\\/71257321272d7c2caea2b42ea370423d556c259de802dfa6e76465ad9664b3eb?s=96&d=mm&r=g\",\"contentUrl\":\"https:\\\/\\\/secure.gravatar.com\\\/avatar\\\/71257321272d7c2caea2b42ea370423d556c259de802dfa6e76465ad9664b3eb?s=96&d=mm&r=g\",\"caption\":\"Marta\"},\"url\":\"https:\\\/\\\/customsailingcb.com\\\/ca\\\/author\\\/marta\\\/\"}]}<\/script>\n<!-- \/ Yoast SEO plugin. -->","yoast_head_json":{"title":"El canal alemany ARD Reisen ens escull per mostrar-los la Costa Brava - Custom sailing CB, Lloguer embarcacions Costa Brava","robots":{"index":"index","follow":"follow","max-snippet":"max-snippet:-1","max-image-preview":"max-image-preview:large","max-video-preview":"max-video-preview:-1"},"canonical":"https:\/\/customsailingcb.com\/ca\/el-canal-public-de-viatges-ard-reisen-ens-escull-per-mostrar-los-la-costa-brava\/","og_locale":"ca_ES","og_type":"article","og_title":"El canal alemany ARD Reisen ens escull per mostrar-los la Costa Brava - Custom sailing CB, Lloguer embarcacions Costa Brava","og_description":"Tenir un bon servei \u00e9s clau, per\u00f2 que la televisi\u00f3 p\u00fablica nacional d&#8217;Alemanya (ARD) et trii per representar l&#8217;ess\u00e8ncia de la Costa Brava \u00e9s, senzillament, un orgull. L&#8217;ARD no \u00e9s un canal qualsevol; \u00e9s el consorci de radiodifusi\u00f3 p\u00fablica m\u00e9s gran d&#8217;Alemanya i un referent mundial en documentals de viatges de qualitat. El seu canal [&hellip;]","og_url":"https:\/\/customsailingcb.com\/ca\/el-canal-public-de-viatges-ard-reisen-ens-escull-per-mostrar-los-la-costa-brava\/","og_site_name":"Custom sailing CB, Lloguer embarcacions Costa Brava","article_publisher":"https:\/\/www.facebook.com\/customsailingcostabrava","article_published_time":"2026-04-26T18:38:37+00:00","article_modified_time":"2026-04-26T18:46:05+00:00","author":"Marta","twitter_card":"summary_large_image","twitter_misc":{"Escrit per":"Marta","Temps estimat de lectura":"2 minuts"},"schema":{"@context":"https:\/\/schema.org","@graph":[{"@type":"Article","@id":"https:\/\/customsailingcb.com\/ca\/el-canal-public-de-viatges-ard-reisen-ens-escull-per-mostrar-los-la-costa-brava\/#article","isPartOf":{"@id":"https:\/\/customsailingcb.com\/ca\/el-canal-public-de-viatges-ard-reisen-ens-escull-per-mostrar-los-la-costa-brava\/"},"author":{"name":"Marta","@id":"https:\/\/customsailingcb.com\/ca\/#\/schema\/person\/c0e9205b006a5bef52718da3e1d5cc22"},"headline":"El canal alemany ARD Reisen ens escull per mostrar-los la Costa Brava","datePublished":"2026-04-26T18:38:37+00:00","dateModified":"2026-04-26T18:46:05+00:00","mainEntityOfPage":{"@id":"https:\/\/customsailingcb.com\/ca\/el-canal-public-de-viatges-ard-reisen-ens-escull-per-mostrar-los-la-costa-brava\/"},"wordCount":494,"publisher":{"@id":"https:\/\/customsailingcb.com\/ca\/#organization"},"articleSection":["Sin categorizar"],"inLanguage":"ca"},{"@type":"WebPage","@id":"https:\/\/customsailingcb.com\/ca\/el-canal-public-de-viatges-ard-reisen-ens-escull-per-mostrar-los-la-costa-brava\/","url":"https:\/\/customsailingcb.com\/ca\/el-canal-public-de-viatges-ard-reisen-ens-escull-per-mostrar-los-la-costa-brava\/","name":"El canal alemany ARD Reisen ens escull per mostrar-los la Costa Brava - Custom sailing CB, Lloguer embarcacions Costa Brava","isPartOf":{"@id":"https:\/\/customsailingcb.com\/ca\/#website"},"datePublished":"2026-04-26T18:38:37+00:00","dateModified":"2026-04-26T18:46:05+00:00","breadcrumb":{"@id":"https:\/\/customsailingcb.com\/ca\/el-canal-public-de-viatges-ard-reisen-ens-escull-per-mostrar-los-la-costa-brava\/#breadcrumb"},"inLanguage":"ca","potentialAction":[{"@type":"ReadAction","target":["https:\/\/customsailingcb.com\/ca\/el-canal-public-de-viatges-ard-reisen-ens-escull-per-mostrar-los-la-costa-brava\/"]}]},{"@type":"BreadcrumbList","@id":"https:\/\/customsailingcb.com\/ca\/el-canal-public-de-viatges-ard-reisen-ens-escull-per-mostrar-los-la-costa-brava\/#breadcrumb","itemListElement":[{"@type":"ListItem","position":1,"name":"Inicio","item":"https:\/\/customsailingcb.com\/ca\/"},{"@type":"ListItem","position":2,"name":"El canal alemany ARD Reisen ens escull per mostrar-los la Costa Brava"}]},{"@type":"WebSite","@id":"https:\/\/customsailingcb.com\/ca\/#website","url":"https:\/\/customsailingcb.com\/ca\/","name":"Custom Sailing CB","description":"Lloguer embarcacions Costa Brava","publisher":{"@id":"https:\/\/customsailingcb.com\/ca\/#organization"},"alternateName":"CustomSailingCB.com","potentialAction":[{"@type":"SearchAction","target":{"@type":"EntryPoint","urlTemplate":"https:\/\/customsailingcb.com\/ca\/?s={search_term_string}"},"query-input":{"@type":"PropertyValueSpecification","valueRequired":true,"valueName":"search_term_string"}}],"inLanguage":"ca"},{"@type":"Organization","@id":"https:\/\/customsailingcb.com\/ca\/#organization","name":"Custom Sailing CB","alternateName":"Custom Sailing Costa Brava","url":"https:\/\/customsailingcb.com\/ca\/","logo":{"@type":"ImageObject","inLanguage":"ca","@id":"https:\/\/customsailingcb.com\/ca\/#\/schema\/logo\/image\/","url":"https:\/\/www.customsailingcb.com\/wp-content\/uploads\/2025\/01\/Logo_customsailing-scaled.webp","contentUrl":"https:\/\/www.customsailingcb.com\/wp-content\/uploads\/2025\/01\/Logo_customsailing-scaled.webp","width":2560,"height":1085,"caption":"Custom Sailing CB"},"image":{"@id":"https:\/\/customsailingcb.com\/ca\/#\/schema\/logo\/image\/"},"sameAs":["https:\/\/www.facebook.com\/customsailingcostabrava","https:\/\/www.instagram.com\/customsailing\/"]},{"@type":"Person","@id":"https:\/\/customsailingcb.com\/ca\/#\/schema\/person\/c0e9205b006a5bef52718da3e1d5cc22","name":"Marta","image":{"@type":"ImageObject","inLanguage":"ca","@id":"https:\/\/secure.gravatar.com\/avatar\/71257321272d7c2caea2b42ea370423d556c259de802dfa6e76465ad9664b3eb?s=96&d=mm&r=g","url":"https:\/\/secure.gravatar.com\/avatar\/71257321272d7c2caea2b42ea370423d556c259de802dfa6e76465ad9664b3eb?s=96&d=mm&r=g","contentUrl":"https:\/\/secure.gravatar.com\/avatar\/71257321272d7c2caea2b42ea370423d556c259de802dfa6e76465ad9664b3eb?s=96&d=mm&r=g","caption":"Marta"},"url":"https:\/\/customsailingcb.com\/ca\/author\/marta\/"}]}},"_links":{"self":[{"href":"https:\/\/customsailingcb.com\/ca\/wp-json\/wp\/v2\/posts\/6118","targetHints":{"allow":["GET"]}}],"collection":[{"href":"https:\/\/customsailingcb.com\/ca\/wp-json\/wp\/v2\/posts"}],"about":[{"href":"https:\/\/customsailingcb.com\/ca\/wp-json\/wp\/v2\/types\/post"}],"author":[{"embeddable":true,"href":"https:\/\/customsailingcb.com\/ca\/wp-json\/wp\/v2\/users\/2"}],"replies":[{"embeddable":true,"href":"https:\/\/customsailingcb.com\/ca\/wp-json\/wp\/v2\/comments?post=6118"}],"version-history":[{"count":10,"href":"https:\/\/customsailingcb.com\/ca\/wp-json\/wp\/v2\/posts\/6118\/revisions"}],"predecessor-version":[{"id":6128,"href":"https:\/\/customsailingcb.com\/ca\/wp-json\/wp\/v2\/posts\/6118\/revisions\/6128"}],"wp:attachment":[{"href":"https:\/\/customsailingcb.com\/ca\/wp-json\/wp\/v2\/media?parent=6118"}],"wp:term":[{"taxonomy":"category","embeddable":true,"href":"https:\/\/customsailingcb.com\/ca\/wp-json\/wp\/v2\/categories?post=6118"},{"taxonomy":"post_tag","embeddable":true,"href":"https:\/\/customsailingcb.com\/ca\/wp-json\/wp\/v2\/tags?post=6118"}],"curies":[{"name":"wp","href":"https:\/\/api.w.org\/{rel}","templated":true}]}}