{"id":5904,"date":"2026-04-13T15:27:37","date_gmt":"2026-04-13T15:27:37","guid":{"rendered":"https:\/\/customsailingcb.com\/?p=5904"},"modified":"2026-04-13T15:27:38","modified_gmt":"2026-04-13T15:27:38","slug":"custom-challenge-2026-naviguer-le-long-de-la-costa-brava-avec-moins-de-plastique","status":"publish","type":"post","link":"https:\/\/customsailingcb.com\/fr\/custom-challenge-2026-naviguer-le-long-de-la-costa-brava-avec-moins-de-plastique\/","title":{"rendered":"Custom Challenge 2026\u00a0: Naviguer le long de la Costa Brava avec moins de plastique"},"content":{"rendered":"&#13;\n<div class=\"flex flex-col text-sm pb-25\">&#13;\n<article class=\"text-token-text-primary w-full focus:outline-none [--shadow-height:45px] has-data-writing-block:pointer-events-none has-data-writing-block:-mt-(--shadow-height) has-data-writing-block:pt-(--shadow-height) [&amp;:has([data-writing-block])&gt;*]:pointer-events-auto scroll-mt-[calc(var(--header-height)+min(200px,max(70px,20svh)))]\" dir=\"auto\" tabindex=\"-1\" data-turn-id=\"2ea7dddd-054f-4587-9fb3-a2618796de49\" data-testid=\"conversation-turn-64\" data-scroll-anchor=\"true\" data-turn=\"assistant\">&#13;\n<div class=\"text-base my-auto mx-auto pb-10 [--thread-content-margin:--spacing(4)] @w-sm\/main:[--thread-content-margin:--spacing(6)] @w-lg\/main:[--thread-content-margin:--spacing(16)] px-(--thread-content-margin)\">&#13;\n<div class=\"[--thread-content-max-width:40rem] @w-lg\/main:[--thread-content-max-width:48rem] mx-auto max-w-(--thread-content-max-width) flex-1 group\/turn-messages focus-visible:outline-hidden relative flex w-full min-w-0 flex-col agent-turn\" tabindex=\"-1\">&#13;\n<div class=\"flex max-w-full flex-col grow\">&#13;\n<div class=\"min-h-8 text-message relative flex w-full flex-col items-end gap-2 text-start break-words whitespace-normal [.text-message+&amp;]:mt-1\" dir=\"auto\" data-message-author-role=\"assistant\" data-message-id=\"0c319005-79f0-4f5b-86bc-03daa7dea852\" data-message-model-slug=\"gpt-5-2\">&#13;\n<div class=\"flex w-full flex-col gap-1 empty:hidden first:pt-[1px]\">&#13;\n<div class=\"markdown prose dark:prose-invert w-full wrap-break-word light markdown-new-styling\">&#13;\n<p data-start=\"183\" data-end=\"499\">Chez <strong>Custom Sailing Costa Brava<\/strong>, nous consid\u00e9rons la mer comme un lieu de plaisir, mais aussi de responsabilit\u00e9. C&#8217;est pourquoi, pour la saison <strong>2026<\/strong>, nous lan\u00e7ons le Custom Challenge 2026, une initiative visant \u00e0 <strong>encourager nos clients \u00e0 ramasser les d\u00e9chets plastiques en mer<\/strong> lors de nos excursions en bateau.<\/p>&#13;\n<p data-start=\"501\" data-end=\"637\">Un geste simple, volontaire et imm\u00e9diat qui transforme chaque exp\u00e9rience maritime en une action positive pour la sant\u00e9 de la M\u00e9diterran\u00e9e.<\/p>&#13;\n<h2 data-start=\"644\" data-end=\"683\">Un petit geste qui a un grand impact<\/h2>&#13;\n<p data-start=\"685\" data-end=\"804\">Le <strong>Custom Challenge<\/strong> repose sur une id\u00e9e tr\u00e8s simple :<br\/><br\/><strong>\u00ab\u00a0Prenez le sac. Ramassez le plastique. Parfois, plus tard, c\u2019est trop tard. L\u2019oc\u00e9an ne peut pas attendre.\u00a0\u00bb<\/strong><\/p>&#13;\n<p data-start=\"806\" data-end=\"1026\">Lors de nos excursions, nous fournissons un sac en tissu afin que, spontan\u00e9ment et sans modifier l&#8217;itin\u00e9raire, les clients puissent <strong>ramasser les d\u00e9chets plastiques flottants<\/strong> que nous trouvons pendant la navigation ou lors des arr\u00eats dans les criques.<\/p>&#13;\n<p data-start=\"1028\" data-end=\"1159\">Il ne s&#8217;agit pas d&#8217;une activit\u00e9 obligatoire, mais d&#8217;<strong>une action consciente et volontaire<\/strong>, naturellement int\u00e9gr\u00e9e \u00e0 l&#8217;exp\u00e9rience.<\/p>&#13;\n<h2 data-start=\"1166\" data-end=\"1206\">Pourquoi le Custom Challenge 2026 a-t-il \u00e9t\u00e9 cr\u00e9\u00e9\u00a0?<\/h2>&#13;\n<p data-start=\"1208\" data-end=\"1404\">Les d\u00e9chets plastiques constituent l&#8217;un des principaux probl\u00e8mes environnementaux du littoral de la <strong>Costa Brava<\/strong>. Une grande partie de ce plastique est visible, accessible et facile \u00e0 enlever si l&#8217;on intervient \u00e0 temps.<\/p>&#13;\n<p data-start=\"1406\" data-end=\"1444\">Avec le Custom Challenge 2026, nous souhaitons\u00a0:<\/p>&#13;\n<p data-start=\"1446\" data-end=\"1755\">? <strong>R\u00e9duire la quantit\u00e9 de plastique en mer<\/strong>, voyage apr\u00e8s voyage.<br\/><br\/>\u267b\ufe0f <strong>Sensibiliser nos clients<\/strong> \u00e0 l&#8217;impact des d\u00e9chets.<br\/><br\/>? <strong>Impliquer activement<\/strong> nos passagers dans la protection du milieu marin.<br\/><br\/>? Renforcer notre engagement en faveur du d\u00e9veloppement <strong>durable et du tourisme responsable.<\/strong><\/p>&#13;\n<h2 data-start=\"1762\" data-end=\"1818\">Comment fonctionne le Custom Challenge lors des sorties<\/h2>&#13;\n<p data-start=\"1820\" data-end=\"1854\">Cela fonctionne tr\u00e8s simplement :<\/p>&#13;\n<ul data-start=\"1856\" data-end=\"2064\">&#13;\n<li data-start=\"1856\" data-end=\"1913\">&#13;\n<p data-start=\"1858\" data-end=\"1913\">Lors de la sortie, nous fournissons un <strong>sac r\u00e9utilisable.<\/strong><\/p>&#13;\n<\/li>&#13;\n<li data-start=\"1914\" data-end=\"1990\">&#13;\n<p data-start=\"1916\" data-end=\"1990\">Si le groupe le souhaite, il peut ramasser en toute s\u00e9curit\u00e9 les <strong>d\u00e9chets plastiques flottants.<\/strong><\/p>&#13;\n<\/li>&#13;\n<li data-start=\"1991\" data-end=\"2064\">&#13;\n<p data-start=\"1993\" data-end=\"2064\">De retour au port, nous avons correctement g\u00e9r\u00e9 les d\u00e9chets collect\u00e9s.<\/p>&#13;\n<\/li>&#13;\n<\/ul>&#13;\n<p data-start=\"2066\" data-end=\"2156\">Tout cela sans modifier l&#8217;itin\u00e9raire, le rythme ni le caract\u00e8re d\u00e9tendu de l&#8217;exp\u00e9rience.<\/p>&#13;\n<p data-start=\"2066\" data-end=\"2156\"><img fetchpriority=\"high\" decoding=\"async\" class=\"aligncenter wp-image-5893 size-large\" src=\"https:\/\/customsailingcb.com\/wp-content\/uploads\/2026\/02\/CUSTOM-CHALLENGE-2026-e1770982864972-1024x724.jpg\" alt=\"\" width=\"1024\" height=\"724\" srcset=\"https:\/\/customsailingcb.com\/wp-content\/uploads\/2026\/02\/CUSTOM-CHALLENGE-2026-e1770982864972-1024x724.jpg 1024w, https:\/\/customsailingcb.com\/wp-content\/uploads\/2026\/02\/CUSTOM-CHALLENGE-2026-e1770982864972-300x212.jpg 300w, https:\/\/customsailingcb.com\/wp-content\/uploads\/2026\/02\/CUSTOM-CHALLENGE-2026-e1770982864972-768x543.jpg 768w, https:\/\/customsailingcb.com\/wp-content\/uploads\/2026\/02\/CUSTOM-CHALLENGE-2026-e1770982864972-1536x1086.jpg 1536w, https:\/\/customsailingcb.com\/wp-content\/uploads\/2026\/02\/CUSTOM-CHALLENGE-2026-e1770982864972-600x424.jpg 600w, https:\/\/customsailingcb.com\/wp-content\/uploads\/2026\/02\/CUSTOM-CHALLENGE-2026-e1770982864972.jpg 2000w\" sizes=\"(max-width: 1024px) 100vw, 1024px\" \/><\/p>&#13;\n<h2 data-start=\"2163\" data-end=\"2221\">Une action conforme \u00e0 notre certification Biosphere<\/h2>&#13;\n<p data-start=\"2223\" data-end=\"2450\">Le <strong>Custom Challenge 2026<\/strong> s&#8217;inscrit dans le cadre de notre engagement mondial en faveur du d\u00e9veloppement durable, renforc\u00e9 par la <strong>certification Biosph\u00e8re<\/strong>, qui reconna\u00eet les bonnes pratiques environnementales, sociales et \u00e9conomiques des entreprises touristiques.<\/p>&#13;\n<p data-start=\"2452\" data-end=\"2590\">Nous croyons que les <strong>petites actions r\u00e9p\u00e9t\u00e9es<\/strong> ont un r\u00e9el impact lorsqu&#8217;elles s&#8217;inscrivent dans un projet coh\u00e9rent et continu.<\/p>&#13;\n<h2 data-start=\"2597\" data-end=\"2652\">Exp\u00e9riences maritimes \u00e0 prix avantageux sur la Costa Brava<\/h2>&#13;\n<p data-start=\"2654\" data-end=\"2920\">Naviguer avec Custom Sailing Costa Brava, c&#8217;est bien plus que d\u00e9couvrir des criques, se baigner ou se d\u00e9tendre au bord de la mer. C&#8217;est aussi <strong>vivre une exp\u00e9rience maritime diff\u00e9rente<\/strong>, o\u00f9 le respect de l&#8217;environnement marin est une composante essentielle.<\/p>&#13;\n<p data-start=\"2922\" data-end=\"3092\">Le <strong>Custom Challenge 2026<\/strong> est une invitation directe \u00e0 agir d\u00e8s maintenant. Car <strong>remettre \u00e0 plus tard, c&#8217;est souvent ne jamais agir.<\/strong><\/p>&#13;\n<h2 data-start=\"3099\" data-end=\"3145\">Souhaitez-vous participer au Custom Challenge 2026\u00a0?<\/h2>&#13;\n<p data-start=\"3147\" data-end=\"3244\" data-is-last-node=\"\" data-is-only-node=\"\">Rejoignez-nous lors de nos sorties et aidez-nous \u00e0 rendre la Costa Brava plus propre, plus dynamique et plus durable.<\/p>&#13;\n<\/div>&#13;\n<\/div>&#13;\n<\/div>&#13;\n<\/div>&#13;\n<div class=\"z-0 flex min-h-[46px] justify-start\"><a style=\"font-size: 16px; background-color: #ffffff;\" href=\"https:\/\/customsailingcb.com\/fr\/contact\/\">Contact &#8211; Custom sailing CB, Boat rental Costa Brava<\/a><\/div>&#13;\n<\/div>&#13;\n<\/div>&#13;\n<\/article>&#13;\n<\/div>&#13;\n","protected":false},"excerpt":{"rendered":"<p>Cala Foradada desde la menorquina<\/p>\n","protected":false},"author":2,"featured_media":5903,"comment_status":"closed","ping_status":"open","sticky":false,"template":"","format":"standard","meta":{"_acf_changed":false,"site-sidebar-layout":"default","site-content-layout":"","ast-site-content-layout":"default","site-content-style":"default","site-sidebar-style":"default","ast-global-header-display":"","ast-banner-title-visibility":"","ast-main-header-display":"","ast-hfb-above-header-display":"","ast-hfb-below-header-display":"","ast-hfb-mobile-header-display":"","site-post-title":"","ast-breadcrumbs-content":"","ast-featured-img":"","footer-sml-layout":"","ast-disable-related-posts":"","theme-transparent-header-meta":"default","adv-header-id-meta":"","stick-header-meta":"","header-above-stick-meta":"","header-main-stick-meta":"","header-below-stick-meta":"","astra-migrate-meta-layouts":"set","ast-page-background-enabled":"default","ast-page-background-meta":{"desktop":{"background-color":"var(--ast-global-color-5)","background-image":"","background-repeat":"repeat","background-position":"center center","background-size":"auto","background-attachment":"scroll","background-type":"","background-media":"","overlay-type":"","overlay-color":"","overlay-opacity":"","overlay-gradient":""},"tablet":{"background-color":"","background-image":"","background-repeat":"repeat","background-position":"center center","background-size":"auto","background-attachment":"scroll","background-type":"","background-media":"","overlay-type":"","overlay-color":"","overlay-opacity":"","overlay-gradient":""},"mobile":{"background-color":"","background-image":"","background-repeat":"repeat","background-position":"center center","background-size":"auto","background-attachment":"scroll","background-type":"","background-media":"","overlay-type":"","overlay-color":"","overlay-opacity":"","overlay-gradient":""}},"ast-content-background-meta":{"desktop":{"background-color":"var(--ast-global-color-4)","background-image":"","background-repeat":"repeat","background-position":"center center","background-size":"auto","background-attachment":"scroll","background-type":"","background-media":"","overlay-type":"","overlay-color":"","overlay-opacity":"","overlay-gradient":""},"tablet":{"background-color":"var(--ast-global-color-4)","background-image":"","background-repeat":"repeat","background-position":"center center","background-size":"auto","background-attachment":"scroll","background-type":"","background-media":"","overlay-type":"","overlay-color":"","overlay-opacity":"","overlay-gradient":""},"mobile":{"background-color":"var(--ast-global-color-4)","background-image":"","background-repeat":"repeat","background-position":"center center","background-size":"auto","background-attachment":"scroll","background-type":"","background-media":"","overlay-type":"","overlay-color":"","overlay-opacity":"","overlay-gradient":""}},"footnotes":""},"categories":[177],"tags":[],"class_list":["post-5904","post","type-post","status-publish","format-standard","has-post-thumbnail","hentry","category-blog-fr"],"acf":[],"yoast_head":"<!-- This site is optimized with the Yoast SEO plugin v27.4 - https:\/\/yoast.com\/product\/yoast-seo-wordpress\/ -->\n<title>Custom Challenge 2026\u00a0: Collecte des d\u00e9chets plastiques en mer<\/title>\n<meta name=\"description\" content=\"Custom Challenge 2026\u00a0: une initiative de Custom Sailing visant \u00e0 collecter les d\u00e9chets plastiques en mer lors d&#039;excursions en bateau sur la Costa Brava. Naviguer pour le bien commun.\" \/>\n<meta name=\"robots\" content=\"index, follow, max-snippet:-1, max-image-preview:large, max-video-preview:-1\" \/>\n<link rel=\"canonical\" href=\"https:\/\/customsailingcb.com\/fr\/custom-challenge-2026-naviguer-le-long-de-la-costa-brava-avec-moins-de-plastique\/\" \/>\n<meta property=\"og:locale\" content=\"fr_FR\" \/>\n<meta property=\"og:type\" content=\"article\" \/>\n<meta property=\"og:title\" content=\"Custom Challenge 2026\u00a0: Collecte des d\u00e9chets plastiques en mer\" \/>\n<meta property=\"og:description\" content=\"Custom Challenge 2026\u00a0: une initiative de Custom Sailing visant \u00e0 collecter les d\u00e9chets plastiques en mer lors d&#039;excursions en bateau sur la Costa Brava. Naviguer pour le bien commun.\" \/>\n<meta property=\"og:url\" content=\"https:\/\/customsailingcb.com\/fr\/custom-challenge-2026-naviguer-le-long-de-la-costa-brava-avec-moins-de-plastique\/\" \/>\n<meta property=\"og:site_name\" content=\"Custom sailing CB, location de bateau Costa Brava\" \/>\n<meta property=\"article:publisher\" content=\"https:\/\/www.facebook.com\/customsailingcostabrava\" \/>\n<meta property=\"article:published_time\" content=\"2026-04-13T15:27:37+00:00\" \/>\n<meta property=\"article:modified_time\" content=\"2026-04-13T15:27:38+00:00\" \/>\n<meta property=\"og:image\" content=\"https:\/\/customsailingcb.com\/wp-content\/uploads\/2026\/02\/recogida-plasticos-mar-e1770980335324.png\" \/>\n\t<meta property=\"og:image:width\" content=\"1024\" \/>\n\t<meta property=\"og:image:height\" content=\"934\" \/>\n\t<meta property=\"og:image:type\" content=\"image\/png\" \/>\n<meta name=\"author\" content=\"Marta\" \/>\n<meta name=\"twitter:card\" content=\"summary_large_image\" \/>\n<meta name=\"twitter:label1\" content=\"\u00c9crit par\" \/>\n\t<meta name=\"twitter:data1\" content=\"Marta\" \/>\n\t<meta name=\"twitter:label2\" content=\"Dur\u00e9e de lecture estim\u00e9e\" \/>\n\t<meta name=\"twitter:data2\" content=\"3 minutes\" \/>\n<script type=\"application\/ld+json\" class=\"yoast-schema-graph\">{\"@context\":\"https:\\\/\\\/schema.org\",\"@graph\":[{\"@type\":\"Article\",\"@id\":\"https:\\\/\\\/customsailingcb.com\\\/fr\\\/custom-challenge-2026-naviguer-le-long-de-la-costa-brava-avec-moins-de-plastique\\\/#article\",\"isPartOf\":{\"@id\":\"https:\\\/\\\/customsailingcb.com\\\/fr\\\/custom-challenge-2026-naviguer-le-long-de-la-costa-brava-avec-moins-de-plastique\\\/\"},\"author\":{\"name\":\"Marta\",\"@id\":\"https:\\\/\\\/customsailingcb.com\\\/fr\\\/#\\\/schema\\\/person\\\/c0e9205b006a5bef52718da3e1d5cc22\"},\"headline\":\"Custom Challenge 2026\u00a0: Naviguer le long de la Costa Brava avec moins de plastique\",\"datePublished\":\"2026-04-13T15:27:37+00:00\",\"dateModified\":\"2026-04-13T15:27:38+00:00\",\"mainEntityOfPage\":{\"@id\":\"https:\\\/\\\/customsailingcb.com\\\/fr\\\/custom-challenge-2026-naviguer-le-long-de-la-costa-brava-avec-moins-de-plastique\\\/\"},\"wordCount\":535,\"publisher\":{\"@id\":\"https:\\\/\\\/customsailingcb.com\\\/fr\\\/#organization\"},\"image\":{\"@id\":\"https:\\\/\\\/customsailingcb.com\\\/fr\\\/custom-challenge-2026-naviguer-le-long-de-la-costa-brava-avec-moins-de-plastique\\\/#primaryimage\"},\"thumbnailUrl\":\"https:\\\/\\\/customsailingcb.com\\\/wp-content\\\/uploads\\\/2026\\\/02\\\/recogida-plasticos-mar-e1770980335324.png\",\"articleSection\":[\"Blog\"],\"inLanguage\":\"fr-FR\"},{\"@type\":\"WebPage\",\"@id\":\"https:\\\/\\\/customsailingcb.com\\\/fr\\\/custom-challenge-2026-naviguer-le-long-de-la-costa-brava-avec-moins-de-plastique\\\/\",\"url\":\"https:\\\/\\\/customsailingcb.com\\\/fr\\\/custom-challenge-2026-naviguer-le-long-de-la-costa-brava-avec-moins-de-plastique\\\/\",\"name\":\"Custom Challenge 2026\u00a0: Collecte des d\u00e9chets plastiques en mer\",\"isPartOf\":{\"@id\":\"https:\\\/\\\/customsailingcb.com\\\/fr\\\/#website\"},\"primaryImageOfPage\":{\"@id\":\"https:\\\/\\\/customsailingcb.com\\\/fr\\\/custom-challenge-2026-naviguer-le-long-de-la-costa-brava-avec-moins-de-plastique\\\/#primaryimage\"},\"image\":{\"@id\":\"https:\\\/\\\/customsailingcb.com\\\/fr\\\/custom-challenge-2026-naviguer-le-long-de-la-costa-brava-avec-moins-de-plastique\\\/#primaryimage\"},\"thumbnailUrl\":\"https:\\\/\\\/customsailingcb.com\\\/wp-content\\\/uploads\\\/2026\\\/02\\\/recogida-plasticos-mar-e1770980335324.png\",\"datePublished\":\"2026-04-13T15:27:37+00:00\",\"dateModified\":\"2026-04-13T15:27:38+00:00\",\"description\":\"Custom Challenge 2026\u00a0: une initiative de Custom Sailing visant \u00e0 collecter les d\u00e9chets plastiques en mer lors d'excursions en bateau sur la Costa Brava. Naviguer pour le bien commun.\",\"breadcrumb\":{\"@id\":\"https:\\\/\\\/customsailingcb.com\\\/fr\\\/custom-challenge-2026-naviguer-le-long-de-la-costa-brava-avec-moins-de-plastique\\\/#breadcrumb\"},\"inLanguage\":\"fr-FR\",\"potentialAction\":[{\"@type\":\"ReadAction\",\"target\":[\"https:\\\/\\\/customsailingcb.com\\\/fr\\\/custom-challenge-2026-naviguer-le-long-de-la-costa-brava-avec-moins-de-plastique\\\/\"]}]},{\"@type\":\"ImageObject\",\"inLanguage\":\"fr-FR\",\"@id\":\"https:\\\/\\\/customsailingcb.com\\\/fr\\\/custom-challenge-2026-naviguer-le-long-de-la-costa-brava-avec-moins-de-plastique\\\/#primaryimage\",\"url\":\"https:\\\/\\\/customsailingcb.com\\\/wp-content\\\/uploads\\\/2026\\\/02\\\/recogida-plasticos-mar-e1770980335324.png\",\"contentUrl\":\"https:\\\/\\\/customsailingcb.com\\\/wp-content\\\/uploads\\\/2026\\\/02\\\/recogida-plasticos-mar-e1770980335324.png\",\"width\":1024,\"height\":934,\"caption\":\"Custom challenge 2026\"},{\"@type\":\"BreadcrumbList\",\"@id\":\"https:\\\/\\\/customsailingcb.com\\\/fr\\\/custom-challenge-2026-naviguer-le-long-de-la-costa-brava-avec-moins-de-plastique\\\/#breadcrumb\",\"itemListElement\":[{\"@type\":\"ListItem\",\"position\":1,\"name\":\"Inicio\",\"item\":\"https:\\\/\\\/customsailingcb.com\\\/fr\\\/\"},{\"@type\":\"ListItem\",\"position\":2,\"name\":\"Custom Challenge 2026\u00a0: Naviguer le long de la Costa Brava avec moins de plastique\"}]},{\"@type\":\"WebSite\",\"@id\":\"https:\\\/\\\/customsailingcb.com\\\/fr\\\/#website\",\"url\":\"https:\\\/\\\/customsailingcb.com\\\/fr\\\/\",\"name\":\"Custom Sailing CB\",\"description\":\"Location de bateaux Costa Brava\",\"publisher\":{\"@id\":\"https:\\\/\\\/customsailingcb.com\\\/fr\\\/#organization\"},\"alternateName\":\"CustomSailingCB.com\",\"potentialAction\":[{\"@type\":\"SearchAction\",\"target\":{\"@type\":\"EntryPoint\",\"urlTemplate\":\"https:\\\/\\\/customsailingcb.com\\\/fr\\\/?s={search_term_string}\"},\"query-input\":{\"@type\":\"PropertyValueSpecification\",\"valueRequired\":true,\"valueName\":\"search_term_string\"}}],\"inLanguage\":\"fr-FR\"},{\"@type\":\"Organization\",\"@id\":\"https:\\\/\\\/customsailingcb.com\\\/fr\\\/#organization\",\"name\":\"Custom Sailing CB\",\"alternateName\":\"Custom Sailing Costa Brava\",\"url\":\"https:\\\/\\\/customsailingcb.com\\\/fr\\\/\",\"logo\":{\"@type\":\"ImageObject\",\"inLanguage\":\"fr-FR\",\"@id\":\"https:\\\/\\\/customsailingcb.com\\\/fr\\\/#\\\/schema\\\/logo\\\/image\\\/\",\"url\":\"https:\\\/\\\/www.customsailingcb.com\\\/wp-content\\\/uploads\\\/2025\\\/01\\\/Logo_customsailing-scaled.webp\",\"contentUrl\":\"https:\\\/\\\/www.customsailingcb.com\\\/wp-content\\\/uploads\\\/2025\\\/01\\\/Logo_customsailing-scaled.webp\",\"width\":2560,\"height\":1085,\"caption\":\"Custom Sailing CB\"},\"image\":{\"@id\":\"https:\\\/\\\/customsailingcb.com\\\/fr\\\/#\\\/schema\\\/logo\\\/image\\\/\"},\"sameAs\":[\"https:\\\/\\\/www.facebook.com\\\/customsailingcostabrava\",\"https:\\\/\\\/www.instagram.com\\\/customsailing\\\/\"]},{\"@type\":\"Person\",\"@id\":\"https:\\\/\\\/customsailingcb.com\\\/fr\\\/#\\\/schema\\\/person\\\/c0e9205b006a5bef52718da3e1d5cc22\",\"name\":\"Marta\",\"image\":{\"@type\":\"ImageObject\",\"inLanguage\":\"fr-FR\",\"@id\":\"https:\\\/\\\/secure.gravatar.com\\\/avatar\\\/71257321272d7c2caea2b42ea370423d556c259de802dfa6e76465ad9664b3eb?s=96&d=mm&r=g\",\"url\":\"https:\\\/\\\/secure.gravatar.com\\\/avatar\\\/71257321272d7c2caea2b42ea370423d556c259de802dfa6e76465ad9664b3eb?s=96&d=mm&r=g\",\"contentUrl\":\"https:\\\/\\\/secure.gravatar.com\\\/avatar\\\/71257321272d7c2caea2b42ea370423d556c259de802dfa6e76465ad9664b3eb?s=96&d=mm&r=g\",\"caption\":\"Marta\"},\"url\":\"https:\\\/\\\/customsailingcb.com\\\/fr\\\/author\\\/marta\\\/\"}]}<\/script>\n<!-- \/ Yoast SEO plugin. -->","yoast_head_json":{"title":"Custom Challenge 2026\u00a0: Collecte des d\u00e9chets plastiques en mer","description":"Custom Challenge 2026\u00a0: une initiative de Custom Sailing visant \u00e0 collecter les d\u00e9chets plastiques en mer lors d'excursions en bateau sur la Costa Brava. Naviguer pour le bien commun.","robots":{"index":"index","follow":"follow","max-snippet":"max-snippet:-1","max-image-preview":"max-image-preview:large","max-video-preview":"max-video-preview:-1"},"canonical":"https:\/\/customsailingcb.com\/fr\/custom-challenge-2026-naviguer-le-long-de-la-costa-brava-avec-moins-de-plastique\/","og_locale":"fr_FR","og_type":"article","og_title":"Custom Challenge 2026\u00a0: Collecte des d\u00e9chets plastiques en mer","og_description":"Custom Challenge 2026\u00a0: une initiative de Custom Sailing visant \u00e0 collecter les d\u00e9chets plastiques en mer lors d'excursions en bateau sur la Costa Brava. Naviguer pour le bien commun.","og_url":"https:\/\/customsailingcb.com\/fr\/custom-challenge-2026-naviguer-le-long-de-la-costa-brava-avec-moins-de-plastique\/","og_site_name":"Custom sailing CB, location de bateau Costa Brava","article_publisher":"https:\/\/www.facebook.com\/customsailingcostabrava","article_published_time":"2026-04-13T15:27:37+00:00","article_modified_time":"2026-04-13T15:27:38+00:00","og_image":[{"width":1024,"height":934,"url":"https:\/\/customsailingcb.com\/wp-content\/uploads\/2026\/02\/recogida-plasticos-mar-e1770980335324.png","type":"image\/png"}],"author":"Marta","twitter_card":"summary_large_image","twitter_misc":{"\u00c9crit par":"Marta","Dur\u00e9e de lecture estim\u00e9e":"3 minutes"},"schema":{"@context":"https:\/\/schema.org","@graph":[{"@type":"Article","@id":"https:\/\/customsailingcb.com\/fr\/custom-challenge-2026-naviguer-le-long-de-la-costa-brava-avec-moins-de-plastique\/#article","isPartOf":{"@id":"https:\/\/customsailingcb.com\/fr\/custom-challenge-2026-naviguer-le-long-de-la-costa-brava-avec-moins-de-plastique\/"},"author":{"name":"Marta","@id":"https:\/\/customsailingcb.com\/fr\/#\/schema\/person\/c0e9205b006a5bef52718da3e1d5cc22"},"headline":"Custom Challenge 2026\u00a0: Naviguer le long de la Costa Brava avec moins de plastique","datePublished":"2026-04-13T15:27:37+00:00","dateModified":"2026-04-13T15:27:38+00:00","mainEntityOfPage":{"@id":"https:\/\/customsailingcb.com\/fr\/custom-challenge-2026-naviguer-le-long-de-la-costa-brava-avec-moins-de-plastique\/"},"wordCount":535,"publisher":{"@id":"https:\/\/customsailingcb.com\/fr\/#organization"},"image":{"@id":"https:\/\/customsailingcb.com\/fr\/custom-challenge-2026-naviguer-le-long-de-la-costa-brava-avec-moins-de-plastique\/#primaryimage"},"thumbnailUrl":"https:\/\/customsailingcb.com\/wp-content\/uploads\/2026\/02\/recogida-plasticos-mar-e1770980335324.png","articleSection":["Blog"],"inLanguage":"fr-FR"},{"@type":"WebPage","@id":"https:\/\/customsailingcb.com\/fr\/custom-challenge-2026-naviguer-le-long-de-la-costa-brava-avec-moins-de-plastique\/","url":"https:\/\/customsailingcb.com\/fr\/custom-challenge-2026-naviguer-le-long-de-la-costa-brava-avec-moins-de-plastique\/","name":"Custom Challenge 2026\u00a0: Collecte des d\u00e9chets plastiques en mer","isPartOf":{"@id":"https:\/\/customsailingcb.com\/fr\/#website"},"primaryImageOfPage":{"@id":"https:\/\/customsailingcb.com\/fr\/custom-challenge-2026-naviguer-le-long-de-la-costa-brava-avec-moins-de-plastique\/#primaryimage"},"image":{"@id":"https:\/\/customsailingcb.com\/fr\/custom-challenge-2026-naviguer-le-long-de-la-costa-brava-avec-moins-de-plastique\/#primaryimage"},"thumbnailUrl":"https:\/\/customsailingcb.com\/wp-content\/uploads\/2026\/02\/recogida-plasticos-mar-e1770980335324.png","datePublished":"2026-04-13T15:27:37+00:00","dateModified":"2026-04-13T15:27:38+00:00","description":"Custom Challenge 2026\u00a0: une initiative de Custom Sailing visant \u00e0 collecter les d\u00e9chets plastiques en mer lors d'excursions en bateau sur la Costa Brava. Naviguer pour le bien commun.","breadcrumb":{"@id":"https:\/\/customsailingcb.com\/fr\/custom-challenge-2026-naviguer-le-long-de-la-costa-brava-avec-moins-de-plastique\/#breadcrumb"},"inLanguage":"fr-FR","potentialAction":[{"@type":"ReadAction","target":["https:\/\/customsailingcb.com\/fr\/custom-challenge-2026-naviguer-le-long-de-la-costa-brava-avec-moins-de-plastique\/"]}]},{"@type":"ImageObject","inLanguage":"fr-FR","@id":"https:\/\/customsailingcb.com\/fr\/custom-challenge-2026-naviguer-le-long-de-la-costa-brava-avec-moins-de-plastique\/#primaryimage","url":"https:\/\/customsailingcb.com\/wp-content\/uploads\/2026\/02\/recogida-plasticos-mar-e1770980335324.png","contentUrl":"https:\/\/customsailingcb.com\/wp-content\/uploads\/2026\/02\/recogida-plasticos-mar-e1770980335324.png","width":1024,"height":934,"caption":"Custom challenge 2026"},{"@type":"BreadcrumbList","@id":"https:\/\/customsailingcb.com\/fr\/custom-challenge-2026-naviguer-le-long-de-la-costa-brava-avec-moins-de-plastique\/#breadcrumb","itemListElement":[{"@type":"ListItem","position":1,"name":"Inicio","item":"https:\/\/customsailingcb.com\/fr\/"},{"@type":"ListItem","position":2,"name":"Custom Challenge 2026\u00a0: Naviguer le long de la Costa Brava avec moins de plastique"}]},{"@type":"WebSite","@id":"https:\/\/customsailingcb.com\/fr\/#website","url":"https:\/\/customsailingcb.com\/fr\/","name":"Custom Sailing CB","description":"Location de bateaux Costa Brava","publisher":{"@id":"https:\/\/customsailingcb.com\/fr\/#organization"},"alternateName":"CustomSailingCB.com","potentialAction":[{"@type":"SearchAction","target":{"@type":"EntryPoint","urlTemplate":"https:\/\/customsailingcb.com\/fr\/?s={search_term_string}"},"query-input":{"@type":"PropertyValueSpecification","valueRequired":true,"valueName":"search_term_string"}}],"inLanguage":"fr-FR"},{"@type":"Organization","@id":"https:\/\/customsailingcb.com\/fr\/#organization","name":"Custom Sailing CB","alternateName":"Custom Sailing Costa Brava","url":"https:\/\/customsailingcb.com\/fr\/","logo":{"@type":"ImageObject","inLanguage":"fr-FR","@id":"https:\/\/customsailingcb.com\/fr\/#\/schema\/logo\/image\/","url":"https:\/\/www.customsailingcb.com\/wp-content\/uploads\/2025\/01\/Logo_customsailing-scaled.webp","contentUrl":"https:\/\/www.customsailingcb.com\/wp-content\/uploads\/2025\/01\/Logo_customsailing-scaled.webp","width":2560,"height":1085,"caption":"Custom Sailing CB"},"image":{"@id":"https:\/\/customsailingcb.com\/fr\/#\/schema\/logo\/image\/"},"sameAs":["https:\/\/www.facebook.com\/customsailingcostabrava","https:\/\/www.instagram.com\/customsailing\/"]},{"@type":"Person","@id":"https:\/\/customsailingcb.com\/fr\/#\/schema\/person\/c0e9205b006a5bef52718da3e1d5cc22","name":"Marta","image":{"@type":"ImageObject","inLanguage":"fr-FR","@id":"https:\/\/secure.gravatar.com\/avatar\/71257321272d7c2caea2b42ea370423d556c259de802dfa6e76465ad9664b3eb?s=96&d=mm&r=g","url":"https:\/\/secure.gravatar.com\/avatar\/71257321272d7c2caea2b42ea370423d556c259de802dfa6e76465ad9664b3eb?s=96&d=mm&r=g","contentUrl":"https:\/\/secure.gravatar.com\/avatar\/71257321272d7c2caea2b42ea370423d556c259de802dfa6e76465ad9664b3eb?s=96&d=mm&r=g","caption":"Marta"},"url":"https:\/\/customsailingcb.com\/fr\/author\/marta\/"}]}},"_links":{"self":[{"href":"https:\/\/customsailingcb.com\/fr\/wp-json\/wp\/v2\/posts\/5904","targetHints":{"allow":["GET"]}}],"collection":[{"href":"https:\/\/customsailingcb.com\/fr\/wp-json\/wp\/v2\/posts"}],"about":[{"href":"https:\/\/customsailingcb.com\/fr\/wp-json\/wp\/v2\/types\/post"}],"author":[{"embeddable":true,"href":"https:\/\/customsailingcb.com\/fr\/wp-json\/wp\/v2\/users\/2"}],"replies":[{"embeddable":true,"href":"https:\/\/customsailingcb.com\/fr\/wp-json\/wp\/v2\/comments?post=5904"}],"version-history":[{"count":1,"href":"https:\/\/customsailingcb.com\/fr\/wp-json\/wp\/v2\/posts\/5904\/revisions"}],"predecessor-version":[{"id":6058,"href":"https:\/\/customsailingcb.com\/fr\/wp-json\/wp\/v2\/posts\/5904\/revisions\/6058"}],"wp:featuredmedia":[{"embeddable":true,"href":"https:\/\/customsailingcb.com\/fr\/wp-json\/wp\/v2\/media\/5903"}],"wp:attachment":[{"href":"https:\/\/customsailingcb.com\/fr\/wp-json\/wp\/v2\/media?parent=5904"}],"wp:term":[{"taxonomy":"category","embeddable":true,"href":"https:\/\/customsailingcb.com\/fr\/wp-json\/wp\/v2\/categories?post=5904"},{"taxonomy":"post_tag","embeddable":true,"href":"https:\/\/customsailingcb.com\/fr\/wp-json\/wp\/v2\/tags?post=5904"}],"curies":[{"name":"wp","href":"https:\/\/api.w.org\/{rel}","templated":true}]}}